{"id":90673,"date":"2021-04-09T12:59:37","date_gmt":"2021-04-09T15:59:37","guid":{"rendered":"https:\/\/eldiariodesanpedro.com.ar\/sitio\/?p=90673"},"modified":"2021-04-09T12:59:41","modified_gmt":"2021-04-09T15:59:41","slug":"arrecifes-a-pesar-de-poder-circular-hasta-las-02-por-estar-en-fase-5-el-intendente-decidio-cerrar-a-las-00","status":"publish","type":"post","link":"https:\/\/eldiariodesanpedro.com.ar\/sitio\/arrecifes-a-pesar-de-poder-circular-hasta-las-02-por-estar-en-fase-5-el-intendente-decidio-cerrar-a-las-00\/","title":{"rendered":"ARRECIFES | A pesar de poder circular hasta las 02 por estar en fase 5 el intendente decidi\u00f3 cerrar a las 00"},"content":{"rendered":"<!-- VideographyWP Plugin Message: Automatic video embedding prevented by plugin options. -->\n\n<p><em>Lo anunci\u00f3 el intendente Olaeta en conferencia de prensa. Restricci\u00f3n de actividades y de circulaci\u00f3n entre las 00:00 y las 06:00. Nuestra ciudad se encuentra en Fase 5 y desde la Provincia se le permite trabajar hasta las 2:00 y con circulaci\u00f3n libre.<\/em><\/p>\n\n\n\n<p>El intendente Javier Olaeta ofreci\u00f3 una rueda de prensa en la ma\u00f1ana de este jueves en el Palacio Municipal para anunciar las nuevas medidas a nivel local respecto de la segunda ola de coronavirus. Lo hizo acompa\u00f1ado por el vocero del Comit\u00e9 de Crisis, Jos\u00e9 Tenorio; por los directores del Hospital, Santiago Monina y Andrea Ruiz; y por el secretario de Gobierno, Sergio Aldazabal.<\/p>\n\n\n\n<p>El jefe comunal inform\u00f3 que actualmente existen 15 casos activos de Covid, de los cuales un paciente se encuentra internado en Terapia Intensiva.<\/p>\n\n\n\n<p><strong>MEDIDAS ADOPTADAS EN ARRECIFES<\/strong><\/p>\n\n\n\n<ul class=\"wp-block-list\"><li>Restricci\u00f3n horaria comercial y restricci\u00f3n de circulaci\u00f3n entre las 00:00 y las 06:00.<\/li><li>Suspensi\u00f3n de actividades sociales en domicilios.<\/li><li>Suspensi\u00f3n de reuniones sociales de m\u00e1s de 20 personas en espacios abiertos.<\/li><li>Suspensi\u00f3n de actividades recreativas y deportivas en lugares cerrados para m\u00e1s de 15 personas y abiertos para m\u00e1s de 30.<\/li><li>No se permite p\u00fablico en eventos deportivos.<\/li><li>Bares, restaurantes y gimnasios deber\u00e1n funcionar con un aforo del 50%.<\/li><li>Se dispondr\u00e1n mayores controles de Polic\u00eda, Tr\u00e1nsito y Bromatolog\u00eda para el estricto cumplimiento de las medidas sanitarias.<\/li><\/ul>\n\n\n\n<p>Estas medidas rigen desde las 00:00 del viernes 9 de abril (esta medianoche) hasta el 30 de abril inclusive.<\/p>\n\n\n\n<p><strong>CONCEPTOS DEL INTENDENTE<\/strong><\/p>\n\n\n\n<p>\u201cSe viene un invierno dif\u00edcil. Tenemos responsabilidad y obligaci\u00f3n de cuidar a cada uno de los vecinos de Arrecifes. S\u00e9 que todos estamos cansados pero no s\u00f3lo estamos jugando con nuestras vidas sino con las de todos los seres queridos\u201d<\/p>\n\n\n\n<p>\u201cPido que colaboremos. Los comerciantes son los que han trabajado siempre con los protocolos respectivos. M\u00e1s del 90% de ellos han cumplido a rajatablas lo pedido y hoy vemos los resultados positivos. Lo mismo los gimnasios y las actividades deportivas\u201d.<\/p>\n\n\n\n<p>\u201cVamos a ser muy muy duros con los que no cumplan\u201d.<\/p>\n\n\n\n<p>Fuente: <a href=\"https:\/\/arrecifesnoticias.com\/\">Arrecifes Noticias<\/a><\/p>\n","protected":false},"excerpt":{"rendered":"<p>Lo anunci\u00f3 el intendente Olaeta en conferencia de prensa. Restricci\u00f3n de actividades y de circulaci\u00f3n entre las 00:00 y las 06:00. Nuestra ciudad se encuentra en Fase 5 y desde la Provincia se le permite trabajar hasta las 2:00 y con circulaci\u00f3n libre. El intendente Javier Olaeta ofreci\u00f3 una rueda de prensa en la ma\u00f1ana [&hellip;]<\/p>\n","protected":false},"author":4,"featured_media":90674,"comment_status":"open","ping_status":"closed","sticky":false,"template":"","format":"standard","meta":{"om_disable_all_campaigns":false,"_jetpack_memberships_contains_paid_content":false,"footnotes":""},"categories":[621],"tags":[],"class_list":["post-90673","post","type-post","status-publish","format-standard","has-post-thumbnail","hentry","category-regionales"],"aioseo_notices":[],"gutentor_comment":0,"jetpack_featured_media_url":"https:\/\/eldiariodesanpedro.com.ar\/sitio\/wp-content\/uploads\/2021\/04\/Conferencia-Comite-de-Crisis.jpg","jetpack_shortlink":"https:\/\/wp.me\/p6RhLt-nAt","jetpack_sharing_enabled":true,"_links":{"self":[{"href":"https:\/\/eldiariodesanpedro.com.ar\/sitio\/wp-json\/wp\/v2\/posts\/90673","targetHints":{"allow":["GET"]}}],"collection":[{"href":"https:\/\/eldiariodesanpedro.com.ar\/sitio\/wp-json\/wp\/v2\/posts"}],"about":[{"href":"https:\/\/eldiariodesanpedro.com.ar\/sitio\/wp-json\/wp\/v2\/types\/post"}],"author":[{"embeddable":true,"href":"https:\/\/eldiariodesanpedro.com.ar\/sitio\/wp-json\/wp\/v2\/users\/4"}],"replies":[{"embeddable":true,"href":"https:\/\/eldiariodesanpedro.com.ar\/sitio\/wp-json\/wp\/v2\/comments?post=90673"}],"version-history":[{"count":1,"href":"https:\/\/eldiariodesanpedro.com.ar\/sitio\/wp-json\/wp\/v2\/posts\/90673\/revisions"}],"predecessor-version":[{"id":90675,"href":"https:\/\/eldiariodesanpedro.com.ar\/sitio\/wp-json\/wp\/v2\/posts\/90673\/revisions\/90675"}],"wp:featuredmedia":[{"embeddable":true,"href":"https:\/\/eldiariodesanpedro.com.ar\/sitio\/wp-json\/wp\/v2\/media\/90674"}],"wp:attachment":[{"href":"https:\/\/eldiariodesanpedro.com.ar\/sitio\/wp-json\/wp\/v2\/media?parent=90673"}],"wp:term":[{"taxonomy":"category","embeddable":true,"href":"https:\/\/eldiariodesanpedro.com.ar\/sitio\/wp-json\/wp\/v2\/categories?post=90673"},{"taxonomy":"post_tag","embeddable":true,"href":"https:\/\/eldiariodesanpedro.com.ar\/sitio\/wp-json\/wp\/v2\/tags?post=90673"}],"curies":[{"name":"wp","href":"https:\/\/api.w.org\/{rel}","templated":true}]}}