{"id":90664,"date":"2021-04-09T11:50:29","date_gmt":"2021-04-09T14:50:29","guid":{"rendered":"https:\/\/eldiariodesanpedro.com.ar\/sitio\/?p=90664"},"modified":"2021-04-09T11:50:33","modified_gmt":"2021-04-09T14:50:33","slug":"zarate-ante-el-crecimiento-de-contagios-suteba-pide-la-suspension-temporal-de-las-clases-presenciales-en-zarate","status":"publish","type":"post","link":"https:\/\/eldiariodesanpedro.com.ar\/sitio\/zarate-ante-el-crecimiento-de-contagios-suteba-pide-la-suspension-temporal-de-las-clases-presenciales-en-zarate\/","title":{"rendered":"ZARATE | Ante el crecimiento de contagios SUTEBA pide la suspensi\u00f3n temporal de las clases presenciales en Z\u00e1rate"},"content":{"rendered":"<!-- VideographyWP Plugin Message: Automatic video embedding prevented by plugin options. -->\n\n<p>Mediante un comunicado, SUTEBA Z\u00e1rate inform\u00f3 sobre la reuni\u00f3n mantenida este jueves con autoridades municipales:<\/p>\n\n\n\n<p><em>\u00abEn el d\u00eda de ayer nos reunimos con autoridades municipales para evaluar el contexto de desarrollo de la pandemia y la aceleraci\u00f3n de contagios en el Partido de Z\u00e1rate, la situaci\u00f3n del sistema educativo y municipal en general.<\/em><\/p>\n\n\n\n<p><em>Desde SUTEBA Z\u00e1rate planteamos la suspensi\u00f3n temporal de las clases presenciales en nuestro Partido ya que se han incrementado 10 veces el aislamiento de grupos escolares con respecto a las semanas anteriores y se incrementan aceleradamente los casos positivos entre el personal docente y auxiliar. Asimismo la curva de casos confirmados de COVID asciende r\u00e1pidamente multiplic\u00e1ndose seis veces con respecto a semanas anteriores.<\/em><\/p>\n\n\n\n<p><em>El sistema sanitario formal en nuestro Partido, Hospital Zonal y UPA, est\u00e1 al l\u00edmite en lo que se refiere a la atenci\u00f3n de casos positivos y terapia.<\/em><\/p>\n\n\n\n<p><em>Si bien en el \u00e1mbito de los establecimientos educativos no se han registrado casos de contagio hasta el momento, debido al cumplimiento estricto del Plan Jurisdiccional, compuesto por 8 protocolos, cada jornada escolar moviliza y concentra decenas de miles de personas cada d\u00eda en nuestro Partido, lo cual incrementa el uso del trasporte p\u00fablico y privado y la concentraci\u00f3n de personas en las periferias de las escuelas.<\/em><\/p>\n\n\n\n<p><em>Asimismo el porcentaje de docentes y auxiliares vacunadxs es relativamente bajo en nuestro distrito.<\/em><\/p>\n\n\n\n<p><em>Acordamos con las autoridades municipales el seguimiento diario de las estad\u00edsticas y el cruzamiento de datos en el \u00e1mbito p\u00fablico y educativo que permita aportar al cumplimiento de las restricciones establecidas por el decreto presidencial que apuntan a preservar la vida y frenar los contagios.<\/em><br><em>De la reuni\u00f3n participaron la Dra. Florencia Diez, Secretaria Jefatura de Gabinete; el Dr. Dario Raffo, Secretario de Desarrollo Humano y Promoci\u00f3n Social; los Consejerxs Escolares, Mariana Vargas y N\u00e9stor Pires y por SUTEBA, Agustina Medina, Secretaria de Promoci\u00f3n Social y Turismo, y Christian Poli, Secretario General\u00bb<\/em>.<\/p>\n\n\n\n<p>Fuente: <a href=\"https:\/\/www.enlacecritico.com\/destacados\/ante-el-crecimiento-de-contagios-suteba-pide-la-suspension-temporal-de-las-clases-presenciales-en-zarate\/\">Enlace Critico<\/a><\/p>\n","protected":false},"excerpt":{"rendered":"<p>Mediante un comunicado, SUTEBA Z\u00e1rate inform\u00f3 sobre la reuni\u00f3n mantenida este jueves con autoridades municipales: \u00abEn el d\u00eda de ayer nos reunimos con autoridades municipales para evaluar el contexto de desarrollo de la pandemia y la aceleraci\u00f3n de contagios en el Partido de Z\u00e1rate, la situaci\u00f3n del sistema educativo y municipal en general. Desde SUTEBA [&hellip;]<\/p>\n","protected":false},"author":4,"featured_media":90665,"comment_status":"open","ping_status":"closed","sticky":false,"template":"","format":"standard","meta":{"om_disable_all_campaigns":false,"_jetpack_memberships_contains_paid_content":false,"footnotes":""},"categories":[621],"tags":[],"class_list":["post-90664","post","type-post","status-publish","format-standard","has-post-thumbnail","hentry","category-regionales"],"aioseo_notices":[],"gutentor_comment":0,"jetpack_featured_media_url":"https:\/\/eldiariodesanpedro.com.ar\/sitio\/wp-content\/uploads\/2021\/04\/09c83c19-08e4-4569-91f9-02671a71ac47_658x400.jpg","jetpack_shortlink":"https:\/\/wp.me\/p6RhLt-nAk","jetpack_sharing_enabled":true,"_links":{"self":[{"href":"https:\/\/eldiariodesanpedro.com.ar\/sitio\/wp-json\/wp\/v2\/posts\/90664","targetHints":{"allow":["GET"]}}],"collection":[{"href":"https:\/\/eldiariodesanpedro.com.ar\/sitio\/wp-json\/wp\/v2\/posts"}],"about":[{"href":"https:\/\/eldiariodesanpedro.com.ar\/sitio\/wp-json\/wp\/v2\/types\/post"}],"author":[{"embeddable":true,"href":"https:\/\/eldiariodesanpedro.com.ar\/sitio\/wp-json\/wp\/v2\/users\/4"}],"replies":[{"embeddable":true,"href":"https:\/\/eldiariodesanpedro.com.ar\/sitio\/wp-json\/wp\/v2\/comments?post=90664"}],"version-history":[{"count":1,"href":"https:\/\/eldiariodesanpedro.com.ar\/sitio\/wp-json\/wp\/v2\/posts\/90664\/revisions"}],"predecessor-version":[{"id":90666,"href":"https:\/\/eldiariodesanpedro.com.ar\/sitio\/wp-json\/wp\/v2\/posts\/90664\/revisions\/90666"}],"wp:featuredmedia":[{"embeddable":true,"href":"https:\/\/eldiariodesanpedro.com.ar\/sitio\/wp-json\/wp\/v2\/media\/90665"}],"wp:attachment":[{"href":"https:\/\/eldiariodesanpedro.com.ar\/sitio\/wp-json\/wp\/v2\/media?parent=90664"}],"wp:term":[{"taxonomy":"category","embeddable":true,"href":"https:\/\/eldiariodesanpedro.com.ar\/sitio\/wp-json\/wp\/v2\/categories?post=90664"},{"taxonomy":"post_tag","embeddable":true,"href":"https:\/\/eldiariodesanpedro.com.ar\/sitio\/wp-json\/wp\/v2\/tags?post=90664"}],"curies":[{"name":"wp","href":"https:\/\/api.w.org\/{rel}","templated":true}]}}