{"id":90661,"date":"2021-04-09T11:45:19","date_gmt":"2021-04-09T14:45:19","guid":{"rendered":"https:\/\/eldiariodesanpedro.com.ar\/sitio\/?p=90661"},"modified":"2021-04-09T11:45:24","modified_gmt":"2021-04-09T14:45:24","slug":"kicillof-convoco-a-elecciones-primarias-para-el-8-de-agosto","status":"publish","type":"post","link":"https:\/\/eldiariodesanpedro.com.ar\/sitio\/kicillof-convoco-a-elecciones-primarias-para-el-8-de-agosto\/","title":{"rendered":"Kicillof convoc\u00f3 a elecciones Primarias para el 8 de agosto"},"content":{"rendered":"<!-- VideographyWP Plugin Message: Automatic video embedding prevented by plugin options. -->\n\n<p>El gobernador de la provincia de Buenos Aires, Axel Kicillof, convoc\u00f3 este viernes a Primarias, Abiertas, Obligatorias y Simult\u00e1neas (PASO) para el 8 de agosto, y elecciones legislativas para el 24 de octubre, en coincidencia con el cronograma nacional, pero en el decreto aclar\u00f3 que \u201cen caso de determinarse una nueva fecha en el calendario electoral nacional, se deber\u00e1 readecuar la fecha de los comicios\u201d.<\/p>\n\n\n\n<p>El decreto bonaerense se conoce un d\u00eda despu\u00e9s de que el Gobierno nacional anunciara que presentar\u00e1 el borrador de un proyecto ley para aplazar las PASO hasta el 12 septiembre y las elecciones legislativas hasta el 14 noviembre, debido a la pandemia de coronavirus.<\/p>\n\n\n\n<p>El anuncio lo hizo el jueves el ministro del Interior, Eduardo de Pedro, luego de una reuni\u00f3n en el Congreso con l\u00edderes parlamentarios de Juntos por el Cambio.<\/p>\n\n\n\n<p>A trav\u00e9s del decreto 177 publicado en el Bolet\u00edn Oficial de la provincia, Kicillof oficializ\u00f3 el llamado a elecciones de medio t\u00e9rmino para el 24 de octubre, donde se votar\u00e1n 23 senadores provinciales y 15 suplentes; 46 diputados provinciales y 28 suplentes; 1097 concejales titulares y 706 suplentes; 401 consejeros escolares titulares e igual n\u00famero de suplentes.<\/p>\n\n\n\n<p><strong>Primarias, Abiertas, Obligatorias y Simult\u00e1neas<\/strong><\/p>\n\n\n\n<p>En su decreto, convoc\u00f3 adem\u00e1s al electorado de la provincia de Buenos Aires a las PASO para el 8 de agosto de 2021, \u201ca fin de que proceda a la selecci\u00f3n de los candidatos a cargos p\u00fablicos electivos de todos los partidos pol\u00edticos, agrupaciones municipales, federaciones y alianzas transitorias electorales que deseen intervenir en la elecci\u00f3n general\u201d.<\/p>\n\n\n\n<p>En el decreto, se estableci\u00f3 \u201cla simultaneidad de las elecciones primarias y generales de legisladores provinciales y cargos comunales con las de legisladores nacionales aplicando la normativa nacional en lo referente a padr\u00f3n de electores, modelos y colores de boletas, designaci\u00f3n de autoridades de mesa, lugares de votaci\u00f3n y escrutinio.<\/p>\n\n\n\n<p>\u201cLa adhesi\u00f3n a la simultaneidad de elecciones implica la realizaci\u00f3n de las elecciones primarias y generales en las mismas fechas que fije el Poder Ejecutivo Nacional, por lo que las fechas deber\u00e1n adecuarse a lo que oportunamente se establezca en el decreto de convocatoria a elecciones nacionales\u201d, se aclar\u00f3.<\/p>\n\n\n\n<p>Paralelamente, se adhiri\u00f3 al r\u00e9gimen nacional de publicidad de campa\u00f1as electorales, establecido en el Cap\u00edtulo III Bis del T\u00edtulo III de la Ley No 26.215 y en el art\u00edculo 35 de la Ley Nacional No 26.571.<\/p>\n\n\n\n<p>En los fundamentos de la medida, el gobernador record\u00f3 que \u201cpor la Ley N\u00b0 14.086 la provincia de Buenos Aires determina en su art\u00edculo 2\u00b0 que, \u2018cuando el Poder Ejecutivo Nacional, convoque a elecciones primarias nacionales, para Presidente y Vice y\/o Parlamentarios del MERCOSUR y\/o Diputados Nacionales y\/o Convencionales Constituyentes, la fecha de realizaci\u00f3n de las elecciones Primarias obligatorias y simult\u00e1neas provinciales, se realizar\u00e1n el mismo d\u00eda\u2019\u201d.<\/p>\n\n\n\n<p>\u201cEl Poder Ejecutivo convocar\u00e1 a elecciones primarias en un plazo no menor de 120 d\u00edas ni mayor de 150 d\u00edas anteriores a la fecha de realizaci\u00f3n de las mismas; y que, adem\u00e1s, las elecciones primarias deber\u00e1n realizarse dentro de los 12 meses anteriores a la fecha fijada para la elecci\u00f3n general\u201d, se apunt\u00f3.<\/p>\n\n\n\n<p>\u201cA fin de cumplir la manda constitucional en los t\u00e9rminos dispuestos por la Ley N\u00b0 14.086, y de conformidad con el calendario electoral vigente a nivel nacional, la fecha de vencimiento para convocar al electorado de la Provincia es el d\u00eda 9 de abril de 2021\u201d, se indic\u00f3.<\/p>\n\n\n\n<p>Se a\u00f1adi\u00f3 que \u201cel calendario que se fija en el presente decreto queda condicionado, de conformidad a lo dispuesto en el art\u00edculo 2\u00b0 de la Ley N\u00b0 14.086, a la fecha que determine el Estado Nacional\u201d y se apunt\u00f3 que \u201cen caso de determinarse una nueva fecha en el calendario electoral nacional, se deber\u00e1 oportunamente dejar sin efecto el presente decreto y readecuar la fecha de los comicios\u201d.<\/p>\n","protected":false},"excerpt":{"rendered":"<p>El gobernador de la provincia de Buenos Aires, Axel Kicillof, convoc\u00f3 este viernes a Primarias, Abiertas, Obligatorias y Simult\u00e1neas (PASO) para el 8 de agosto, y elecciones legislativas para el 24 de octubre, en coincidencia con el cronograma nacional, pero en el decreto aclar\u00f3 que \u201cen caso de determinarse una nueva fecha en el calendario [&hellip;]<\/p>\n","protected":false},"author":4,"featured_media":90662,"comment_status":"open","ping_status":"closed","sticky":false,"template":"","format":"standard","meta":{"om_disable_all_campaigns":false,"_jetpack_memberships_contains_paid_content":false,"footnotes":""},"categories":[621],"tags":[],"class_list":["post-90661","post","type-post","status-publish","format-standard","has-post-thumbnail","hentry","category-regionales"],"aioseo_notices":[],"gutentor_comment":0,"jetpack_featured_media_url":"https:\/\/eldiariodesanpedro.com.ar\/sitio\/wp-content\/uploads\/2021\/04\/0000873883-f85a5d.jpg","jetpack_shortlink":"https:\/\/wp.me\/p6RhLt-nAh","jetpack_sharing_enabled":true,"_links":{"self":[{"href":"https:\/\/eldiariodesanpedro.com.ar\/sitio\/wp-json\/wp\/v2\/posts\/90661","targetHints":{"allow":["GET"]}}],"collection":[{"href":"https:\/\/eldiariodesanpedro.com.ar\/sitio\/wp-json\/wp\/v2\/posts"}],"about":[{"href":"https:\/\/eldiariodesanpedro.com.ar\/sitio\/wp-json\/wp\/v2\/types\/post"}],"author":[{"embeddable":true,"href":"https:\/\/eldiariodesanpedro.com.ar\/sitio\/wp-json\/wp\/v2\/users\/4"}],"replies":[{"embeddable":true,"href":"https:\/\/eldiariodesanpedro.com.ar\/sitio\/wp-json\/wp\/v2\/comments?post=90661"}],"version-history":[{"count":1,"href":"https:\/\/eldiariodesanpedro.com.ar\/sitio\/wp-json\/wp\/v2\/posts\/90661\/revisions"}],"predecessor-version":[{"id":90663,"href":"https:\/\/eldiariodesanpedro.com.ar\/sitio\/wp-json\/wp\/v2\/posts\/90661\/revisions\/90663"}],"wp:featuredmedia":[{"embeddable":true,"href":"https:\/\/eldiariodesanpedro.com.ar\/sitio\/wp-json\/wp\/v2\/media\/90662"}],"wp:attachment":[{"href":"https:\/\/eldiariodesanpedro.com.ar\/sitio\/wp-json\/wp\/v2\/media?parent=90661"}],"wp:term":[{"taxonomy":"category","embeddable":true,"href":"https:\/\/eldiariodesanpedro.com.ar\/sitio\/wp-json\/wp\/v2\/categories?post=90661"},{"taxonomy":"post_tag","embeddable":true,"href":"https:\/\/eldiariodesanpedro.com.ar\/sitio\/wp-json\/wp\/v2\/tags?post=90661"}],"curies":[{"name":"wp","href":"https:\/\/api.w.org\/{rel}","templated":true}]}}