{"id":90655,"date":"2021-04-09T11:38:56","date_gmt":"2021-04-09T14:38:56","guid":{"rendered":"https:\/\/eldiariodesanpedro.com.ar\/sitio\/?p=90655"},"modified":"2021-04-09T11:38:59","modified_gmt":"2021-04-09T14:38:59","slug":"el-detalle-de-las-restricciones-para-nuestra-ciudad-en-deportes-eventos-y-nocturnidad","status":"publish","type":"post","link":"https:\/\/eldiariodesanpedro.com.ar\/sitio\/el-detalle-de-las-restricciones-para-nuestra-ciudad-en-deportes-eventos-y-nocturnidad\/","title":{"rendered":"El detalle de las restricciones para nuestra ciudad en deportes, eventos y nocturnidad"},"content":{"rendered":"<!-- VideographyWP Plugin Message: Automatic video embedding prevented by plugin options. -->\n\n<p>Como fue informado el d\u00eda de ayer por el Gobernador de la Provincia de Buenos Aires rige en nuestra ciudad un nuevo sistema de fases donde San Pedro aun continua en fase 4 teniendo en cuenta la cantidad de contagios que se registran por semana.<\/p>\n\n\n\n<p>Como fue dictado por el Presidente Alberto Fernandez en un DNU publicado el d\u00eda de ayer en el pa\u00eds rige un cierre en la nocturnidad en el horario de las 00 a 06 hs donde esta prohibido la circulaci\u00f3n de las personas. Dependiendo en la localidad de donde te encuentres el horario es mas o menos flexible. Adem\u00e1s en todo el pa\u00eds rige la suspensi\u00f3n de viajes grupales de egresados o de grupos tur\u00edsticos y sobre todo el encuentro de reuniones en casas particulares. <\/p>\n\n\n\n<p>En lo deportivo se permite solo actividades deportivas colectivas hasta 10 personas con o sin contacto, al aire libre o en espacios con amplia ventilaci\u00f3n natural.<\/p>\n\n\n\n<p>Los eventos al aire libre solo est\u00e1n permitidos quienes respeten un protocolo estricto y que solo trate de productos alimenticios.<\/p>\n\n\n\n<p>Los eventos en los salones de fiestas est\u00e1n permitidos hasta el momento como ven\u00edan trabajando con un estricto protocolo de hasta 100 personas al aire libre o con la mitad del factor ocupacional en los lugares cerrados, pero con el horario de terminacion de evento a las 00 hs.<\/p>\n\n\n\n<p>El resto de las actividades se mantendr\u00e1n tambi\u00e9n como hasta ahora, con los protocolos vigentes y aprobados, tambi\u00e9n, claro, con la restricci\u00f3n horaria impuesta que rige a partir de las 00.00 de este viernes 9 de abril.<\/p>\n\n\n<a href=\"https:\/\/eldiariodesanpedro.com.ar\/sitio\/wp-content\/uploads\/2021\/04\/Resolucion-485_2021.pdf\" class=\"pdfemb-viewer\" style=\"\" data-width=\"max\" data-height=\"max\" data-toolbar=\"bottom\" data-toolbar-fixed=\"off\">Resolucion-485_2021<\/a>\n<p class=\"wp-block-pdfemb-pdf-embedder-viewer\"><\/p>\n\n\n<a href=\"https:\/\/eldiariodesanpedro.com.ar\/sitio\/wp-content\/uploads\/2021\/04\/Anexo-I.pdf\" class=\"pdfemb-viewer\" style=\"\" data-width=\"max\" data-height=\"max\" data-toolbar=\"bottom\" data-toolbar-fixed=\"off\">Anexo-I<\/a>\n<p class=\"wp-block-pdfemb-pdf-embedder-viewer\"><\/p>\n\n\n<a href=\"https:\/\/eldiariodesanpedro.com.ar\/sitio\/wp-content\/uploads\/2021\/04\/Anexo-II-.pdf\" class=\"pdfemb-viewer\" style=\"\" data-width=\"max\" data-height=\"max\" data-toolbar=\"bottom\" data-toolbar-fixed=\"off\">Anexo-II-<\/a>\n<p class=\"wp-block-pdfemb-pdf-embedder-viewer\"><\/p>\n","protected":false},"excerpt":{"rendered":"<p>Como fue informado el d\u00eda de ayer por el Gobernador de la Provincia de Buenos Aires rige en nuestra ciudad un nuevo sistema de fases donde San Pedro aun continua en fase 4 teniendo en cuenta la cantidad de contagios que se registran por semana. Como fue dictado por el Presidente Alberto Fernandez en un [&hellip;]<\/p>\n","protected":false},"author":4,"featured_media":90659,"comment_status":"open","ping_status":"closed","sticky":false,"template":"","format":"standard","meta":{"om_disable_all_campaigns":false,"_jetpack_memberships_contains_paid_content":false,"footnotes":""},"categories":[50,101,2],"tags":[],"class_list":["post-90655","post","type-post","status-publish","format-standard","has-post-thumbnail","hentry","category-destacadas","category-interes-general-locales","category-locales"],"aioseo_notices":[],"gutentor_comment":0,"jetpack_featured_media_url":"https:\/\/eldiariodesanpedro.com.ar\/sitio\/wp-content\/uploads\/2021\/04\/1614106519.jpeg","jetpack_shortlink":"https:\/\/wp.me\/p6RhLt-nAb","jetpack_sharing_enabled":true,"_links":{"self":[{"href":"https:\/\/eldiariodesanpedro.com.ar\/sitio\/wp-json\/wp\/v2\/posts\/90655","targetHints":{"allow":["GET"]}}],"collection":[{"href":"https:\/\/eldiariodesanpedro.com.ar\/sitio\/wp-json\/wp\/v2\/posts"}],"about":[{"href":"https:\/\/eldiariodesanpedro.com.ar\/sitio\/wp-json\/wp\/v2\/types\/post"}],"author":[{"embeddable":true,"href":"https:\/\/eldiariodesanpedro.com.ar\/sitio\/wp-json\/wp\/v2\/users\/4"}],"replies":[{"embeddable":true,"href":"https:\/\/eldiariodesanpedro.com.ar\/sitio\/wp-json\/wp\/v2\/comments?post=90655"}],"version-history":[{"count":1,"href":"https:\/\/eldiariodesanpedro.com.ar\/sitio\/wp-json\/wp\/v2\/posts\/90655\/revisions"}],"predecessor-version":[{"id":90660,"href":"https:\/\/eldiariodesanpedro.com.ar\/sitio\/wp-json\/wp\/v2\/posts\/90655\/revisions\/90660"}],"wp:featuredmedia":[{"embeddable":true,"href":"https:\/\/eldiariodesanpedro.com.ar\/sitio\/wp-json\/wp\/v2\/media\/90659"}],"wp:attachment":[{"href":"https:\/\/eldiariodesanpedro.com.ar\/sitio\/wp-json\/wp\/v2\/media?parent=90655"}],"wp:term":[{"taxonomy":"category","embeddable":true,"href":"https:\/\/eldiariodesanpedro.com.ar\/sitio\/wp-json\/wp\/v2\/categories?post=90655"},{"taxonomy":"post_tag","embeddable":true,"href":"https:\/\/eldiariodesanpedro.com.ar\/sitio\/wp-json\/wp\/v2\/tags?post=90655"}],"curies":[{"name":"wp","href":"https:\/\/api.w.org\/{rel}","templated":true}]}}