{"id":90652,"date":"2021-04-09T11:14:52","date_gmt":"2021-04-09T14:14:52","guid":{"rendered":"https:\/\/eldiariodesanpedro.com.ar\/sitio\/?p=90652"},"modified":"2021-04-09T11:14:58","modified_gmt":"2021-04-09T14:14:58","slug":"una-persona-realizo-disparos-sin-motivos-contra-un-perro-en-la-via-publica","status":"publish","type":"post","link":"https:\/\/eldiariodesanpedro.com.ar\/sitio\/una-persona-realizo-disparos-sin-motivos-contra-un-perro-en-la-via-publica\/","title":{"rendered":"Una persona realizo disparos sin motivos contra un perro en la v\u00eda p\u00fablica"},"content":{"rendered":"<!-- VideographyWP Plugin Message: Automatic video embedding prevented by plugin options. -->\n\n<p>Vida Animal denuncia un hecho donde una persona realizo disparos contra un perro callejero.<\/p>\n\n\n\n<p>El hecho ocurri\u00f3 en la noche de este martes cuando una persona no identificada aun realiza disparos de armas de fuego contra un perro color negro que solo lo corri\u00f3 una cuadra, dando marcha atr\u00e1s en la camioneta Ford Eco Sport para luego realizar tres disparos de arma de fuego.<\/p>\n\n\n\n<p>Todo quedo registrado por una c\u00e1mara de seguridad de una de las viviendas ubicada en calle Hip\u00f3lito Yrigoyen, entre Arnaldo y Chivilcoy.<\/p>\n\n\n\n<p>La policai de nuestra ciudad realiza la investigacion del hecho para dar con el paradero del agresor.<\/p>\n\n\n\n<p>Recordemos que se encuentra vigente leyes para la protecci\u00f3n de animales y adem\u00e1s esta persona se encontraba armada dentro de su veh\u00edculo reaccionando de una manera muy violenta.<\/p>\n\n\n\n<iframe data-src=\"https:\/\/www.facebook.com\/plugins\/video.php?height=308&#038;href=https%3A%2F%2Fwww.facebook.com%2Feldiario.desanpedro%2Fvideos%2F745175886075069%2F&#038;show_text=false&#038;width=560\" width=\"560\" height=\"308\" style=\"border:none;overflow:hidden\" scrolling=\"no\" frameborder=\"0\" allowfullscreen=\"true\" allow=\"autoplay; clipboard-write; encrypted-media; picture-in-picture; web-share\" allowFullScreen=\"true\" src=\"data:image\/svg+xml;base64,PHN2ZyB3aWR0aD0iMSIgaGVpZ2h0PSIxIiB4bWxucz0iaHR0cDovL3d3dy53My5vcmcvMjAwMC9zdmciPjwvc3ZnPg==\" class=\"lazyload\" data-load-mode=\"1\"><\/iframe>\n","protected":false},"excerpt":{"rendered":"<p>Vida Animal denuncia un hecho donde una persona realizo disparos contra un perro callejero. El hecho ocurri\u00f3 en la noche de este martes cuando una persona no identificada aun realiza disparos de armas de fuego contra un perro color negro que solo lo corri\u00f3 una cuadra, dando marcha atr\u00e1s en la camioneta Ford Eco Sport [&hellip;]<\/p>\n","protected":false},"author":4,"featured_media":90653,"comment_status":"open","ping_status":"closed","sticky":false,"template":"","format":"standard","meta":{"om_disable_all_campaigns":false,"_jetpack_memberships_contains_paid_content":false,"footnotes":""},"categories":[50,2,103],"tags":[],"class_list":["post-90652","post","type-post","status-publish","format-standard","has-post-thumbnail","hentry","category-destacadas","category-locales","category-policiales-locales"],"aioseo_notices":[],"gutentor_comment":0,"jetpack_featured_media_url":"https:\/\/eldiariodesanpedro.com.ar\/sitio\/wp-content\/uploads\/2021\/04\/2021-04-09-e1617977646226.png","jetpack_shortlink":"https:\/\/wp.me\/p6RhLt-nA8","jetpack_sharing_enabled":true,"_links":{"self":[{"href":"https:\/\/eldiariodesanpedro.com.ar\/sitio\/wp-json\/wp\/v2\/posts\/90652","targetHints":{"allow":["GET"]}}],"collection":[{"href":"https:\/\/eldiariodesanpedro.com.ar\/sitio\/wp-json\/wp\/v2\/posts"}],"about":[{"href":"https:\/\/eldiariodesanpedro.com.ar\/sitio\/wp-json\/wp\/v2\/types\/post"}],"author":[{"embeddable":true,"href":"https:\/\/eldiariodesanpedro.com.ar\/sitio\/wp-json\/wp\/v2\/users\/4"}],"replies":[{"embeddable":true,"href":"https:\/\/eldiariodesanpedro.com.ar\/sitio\/wp-json\/wp\/v2\/comments?post=90652"}],"version-history":[{"count":1,"href":"https:\/\/eldiariodesanpedro.com.ar\/sitio\/wp-json\/wp\/v2\/posts\/90652\/revisions"}],"predecessor-version":[{"id":90654,"href":"https:\/\/eldiariodesanpedro.com.ar\/sitio\/wp-json\/wp\/v2\/posts\/90652\/revisions\/90654"}],"wp:featuredmedia":[{"embeddable":true,"href":"https:\/\/eldiariodesanpedro.com.ar\/sitio\/wp-json\/wp\/v2\/media\/90653"}],"wp:attachment":[{"href":"https:\/\/eldiariodesanpedro.com.ar\/sitio\/wp-json\/wp\/v2\/media?parent=90652"}],"wp:term":[{"taxonomy":"category","embeddable":true,"href":"https:\/\/eldiariodesanpedro.com.ar\/sitio\/wp-json\/wp\/v2\/categories?post=90652"},{"taxonomy":"post_tag","embeddable":true,"href":"https:\/\/eldiariodesanpedro.com.ar\/sitio\/wp-json\/wp\/v2\/tags?post=90652"}],"curies":[{"name":"wp","href":"https:\/\/api.w.org\/{rel}","templated":true}]}}