{"id":90649,"date":"2021-04-09T11:00:34","date_gmt":"2021-04-09T14:00:34","guid":{"rendered":"https:\/\/eldiariodesanpedro.com.ar\/sitio\/?p=90649"},"modified":"2021-04-09T11:00:45","modified_gmt":"2021-04-09T14:00:45","slug":"el-museo-historico-ingreso-como-miembro-a-la-federacion-argentina-de-amigos-de-museos","status":"publish","type":"post","link":"https:\/\/eldiariodesanpedro.com.ar\/sitio\/el-museo-historico-ingreso-como-miembro-a-la-federacion-argentina-de-amigos-de-museos\/","title":{"rendered":"El Museo Hist\u00f3rico ingreso como miembro a la Federaci\u00f3n Argentina de Amigos de Museos"},"content":{"rendered":"<!-- VideographyWP Plugin Message: Automatic video embedding prevented by plugin options. -->\n\n<p>La ASOCIACI\u00d3N DE AMIGOS DEL CENTRO DE ESTUDIOS HIST\u00d3RICOS DE SAN PEDRO comunica con satisfacci\u00f3n su admisi\u00f3n como miembro de la FEDERACI\u00d3N ARGENTINA DE AMIGOS DE MUSEOS, acto registrado con fecha 23 de marzo del corriente.<\/p>\n\n\n\n<p>FADAM&nbsp;es una organizaci\u00f3n no gubernamental, sin fines de lucro, presente en el territorio argentino, constituida para propiciar la formaci\u00f3n de Asociaciones de Amigos de Museos y para reunir, apoyar y fortalecer a las existentes. Su finalidad es poner en valor nuestro patrimonio cultural y natural, difundiendo y promoviendo su conservaci\u00f3n para las nuevas generaciones.<\/p>\n\n\n\n<p>Estamos convencidos que esta incorporaci\u00f3n redundar\u00e1 en beneficios para la gesti\u00f3n de las actividades y los proyectos que los AMIGOS de este MUSEO HIST\u00d3RICO emprenden a diario; ser\u00e1 un espacio de capacitaci\u00f3n, de intercambio de experiencias, de conocimiento de otros esfuerzos e iniciativas y un excelente \u00e1mbito para visibilizar y difundir la riqueza hist\u00f3rica y patrimonial de nuestro suelo sampedrino.<\/p>\n\n\n\n<p>Los delegados ante FADAM ser\u00e1n Juan Manuel Gomila y Mar\u00eda In\u00e9s Corda, en su rol de presidente y vicepresidente de la ASOCIACI\u00d3N respectivamente. El pr\u00f3ximo LUNES 12 se celebrar\u00e1 un ZOOM de presentaci\u00f3n entre ambas comisiones directivas a fin de entablar los primeros di\u00e1logos.<\/p>\n\n\n\n<p>Sin m\u00e1s, e invit\u00e1ndolos a sumarse como AMIGOS del MUSEO y visitarnos, les acercamos un cordial saludo.<\/p>\n","protected":false},"excerpt":{"rendered":"<p>La ASOCIACI\u00d3N DE AMIGOS DEL CENTRO DE ESTUDIOS HIST\u00d3RICOS DE SAN PEDRO comunica con satisfacci\u00f3n su admisi\u00f3n como miembro de la FEDERACI\u00d3N ARGENTINA DE AMIGOS DE MUSEOS, acto registrado con fecha 23 de marzo del corriente. FADAM&nbsp;es una organizaci\u00f3n no gubernamental, sin fines de lucro, presente en el territorio argentino, constituida para propiciar la formaci\u00f3n [&hellip;]<\/p>\n","protected":false},"author":4,"featured_media":90650,"comment_status":"open","ping_status":"closed","sticky":false,"template":"","format":"standard","meta":{"om_disable_all_campaigns":false,"_jetpack_memberships_contains_paid_content":false,"footnotes":""},"categories":[101,2],"tags":[],"class_list":["post-90649","post","type-post","status-publish","format-standard","has-post-thumbnail","hentry","category-interes-general-locales","category-locales"],"aioseo_notices":[],"gutentor_comment":0,"jetpack_featured_media_url":"https:\/\/eldiariodesanpedro.com.ar\/sitio\/wp-content\/uploads\/2021\/04\/frente-del-museo.jpg","jetpack_shortlink":"https:\/\/wp.me\/p6RhLt-nA5","jetpack_sharing_enabled":true,"_links":{"self":[{"href":"https:\/\/eldiariodesanpedro.com.ar\/sitio\/wp-json\/wp\/v2\/posts\/90649","targetHints":{"allow":["GET"]}}],"collection":[{"href":"https:\/\/eldiariodesanpedro.com.ar\/sitio\/wp-json\/wp\/v2\/posts"}],"about":[{"href":"https:\/\/eldiariodesanpedro.com.ar\/sitio\/wp-json\/wp\/v2\/types\/post"}],"author":[{"embeddable":true,"href":"https:\/\/eldiariodesanpedro.com.ar\/sitio\/wp-json\/wp\/v2\/users\/4"}],"replies":[{"embeddable":true,"href":"https:\/\/eldiariodesanpedro.com.ar\/sitio\/wp-json\/wp\/v2\/comments?post=90649"}],"version-history":[{"count":1,"href":"https:\/\/eldiariodesanpedro.com.ar\/sitio\/wp-json\/wp\/v2\/posts\/90649\/revisions"}],"predecessor-version":[{"id":90651,"href":"https:\/\/eldiariodesanpedro.com.ar\/sitio\/wp-json\/wp\/v2\/posts\/90649\/revisions\/90651"}],"wp:featuredmedia":[{"embeddable":true,"href":"https:\/\/eldiariodesanpedro.com.ar\/sitio\/wp-json\/wp\/v2\/media\/90650"}],"wp:attachment":[{"href":"https:\/\/eldiariodesanpedro.com.ar\/sitio\/wp-json\/wp\/v2\/media?parent=90649"}],"wp:term":[{"taxonomy":"category","embeddable":true,"href":"https:\/\/eldiariodesanpedro.com.ar\/sitio\/wp-json\/wp\/v2\/categories?post=90649"},{"taxonomy":"post_tag","embeddable":true,"href":"https:\/\/eldiariodesanpedro.com.ar\/sitio\/wp-json\/wp\/v2\/tags?post=90649"}],"curies":[{"name":"wp","href":"https:\/\/api.w.org\/{rel}","templated":true}]}}