{"id":90646,"date":"2021-04-09T10:44:06","date_gmt":"2021-04-09T13:44:06","guid":{"rendered":"https:\/\/eldiariodesanpedro.com.ar\/sitio\/?p=90646"},"modified":"2021-04-09T10:44:11","modified_gmt":"2021-04-09T13:44:11","slug":"marcos-arana-sigue-siendo-el-comodoro-del-club-nautico","status":"publish","type":"post","link":"https:\/\/eldiariodesanpedro.com.ar\/sitio\/marcos-arana-sigue-siendo-el-comodoro-del-club-nautico\/","title":{"rendered":"Marcos Arana sigue siendo el Comodoro del Club N\u00e1utico"},"content":{"rendered":"<!-- VideographyWP Plugin Message: Automatic video embedding prevented by plugin options. -->\n\n<p>El Club N\u00e1utico San Pedro cumpli\u00f3 este jueves 8 de abril con su Asamblea General Ordinaria correspondiente al per\u00edodo 2019-2020.<\/p>\n\n\n\n<p>La reuni\u00f3n fue&nbsp;autorizada para su realizaci\u00f3n en horario diurno y al aire libre, tras las restricciones que se iniciaron en Marzo del 2020.<\/p>\n\n\n\n<p>La misma fue citada para un d\u00eda jueves considerando la posibilidad de una elecci\u00f3n entre dos listas, que de haber sido necesaria, tendr\u00eda que haberse convocado 48 horas despu\u00e9s (s\u00e1bado), para facilitar la asistencia de mayor cantidad de socios.<\/p>\n\n\n\n<p>Respetando el orden del d\u00eda se trataron y aprobaron Memoria y Balance del ejercicio que finaliz\u00f3 en Abril del 2020. Adem\u00e1s se brind\u00f3 informaci\u00f3n sobre la situaci\u00f3n general con las medidas tomadas a partir de la entrada en vigencia de las restricciones gubernamentales por la Pandemia.<\/p>\n\n\n\n<p>La Memoria y el Balance del per\u00edodo 2020-2021 en las que estar\u00e1 reflejada la informaci\u00f3n de los \u00faltimos meses, estar\u00e1n comprendidos en la pr\u00f3xima asamblea que deber\u00e1 convocarse entre mayo y junio, siempre, sujeta a las disposiciones vigentes.<\/p>\n\n\n\n<p>Para la renovaci\u00f3n de los cargos que deb\u00edan cubrirse por finalizaci\u00f3n de mandato o renuncias se present\u00f3 una sola lista encabezada por el Dr. Marcos Arana cuyo mandato finalizaba de hecho en Junio del 2020, y continu\u00f3 en funciones por la pr\u00f3rroga determinada ante las actuales circunstancias.<\/p>\n\n\n\n<p>De este modo el Dr. Marcos Arana a quien acompa\u00f1aron en la lista, los socios Dar\u00edo L\u00f3pez como Secretario y Esteban Greco Mart\u00ednez como tesorero (cuyos mandatos tambi\u00e9n venc\u00edan el a\u00f1o pasado), renovaron sus cargos hasta Mayo\/Junio del 2022.<\/p>\n\n\n\n<p>En la asamblea que deber\u00e1 ser convocada pr\u00f3ximamente se renovar\u00e1n parcialmente los cargos de vice comodoro, pro secretario y pro tesorero, junto a otros que finalizan mandato o cubriendo eventuales renuncias.<\/p>\n\n\n\n<p>Durante la reuni\u00f3n realizada en la zona externa entre la playa y el sal\u00f3n social, se intercambiaron opiniones sobre temas relacionados con la actualidad del club, el asesor contable Dr. Jorge G\u00e9nova brind\u00f3 (a trav\u00e9s de una conexi\u00f3n remota), un informe sobre solidez econ\u00f3mica que presenta la instituci\u00f3n, y tanto el vice comodoro Mauricio Gugger, como el tesorero Esteban Greco Mart\u00ednez, y el Intendente Jorge Birador, respondieron las consultas efectuadas por los socios.<\/p>\n\n\n\n<p>Una vez m\u00e1s se destac\u00f3 el agradecimiento a toda la masa societaria de la instituci\u00f3n que acompa\u00f1\u00f3 y acompa\u00f1a con su aporte, el sostenimiento de una entidad social y deportiva que adem\u00e1s de contener a sus disciplinas y a sus actividades recreativas, constituye una fuente de trabajo muy importante que se encuentra al d\u00eda con todos sus compromisos, con un adecuado mantenimiento y una proyecci\u00f3n constante de mejoras para brindar a los socios el servicio que merecen.<\/p>\n\n\n\n<p>Con la renovaci\u00f3n propuesta en la lista presentada la Comisi\u00f3n Directiva del Club N\u00e1utico hasta la pr\u00f3xima renovaci\u00f3n parcial queda conformada de la siguiente manera:<\/p>\n\n\n\n<p>Comodoro: Marcos Noizeux Arana<br>Vice Comodoro: Mauricio Gugger<br>Secretario: Dar\u00edo L\u00f3pez<br>Pro Secretario: Luciano Gallina<br>Tesorero: Esteban Greco Mart\u00ednez<br>Pro Tesorero: Patricio Olivera Mart\u00ednez<br>Vocal Titular 1\u00ba (Capit\u00e1n): Roberto Ceferino Gonz\u00e1lez.<br>Vocal Titular 2\u00ba (Subcapit\u00e1n) Cristian Magallanes.<br>Vocales Titulares: 3\u00ba Alejandro Gir\u00e1ndola, 4\u00ba Juan Ignacio Podest\u00e1 y 5\u00ba Diego Kuttel<br>Vocales Suplentes: 1\u00ba Mat\u00edas Ch\u00e1vez, 2\u00ba Javier Hern\u00e1n Varela, 3\u00ba Augusto Balladori<br>Revisores de Cuentas: Juan Cruz Bia\u00edn, Juan Mat\u00edas Alcorta e Iv\u00e1n Zarzecki.<\/p>\n","protected":false},"excerpt":{"rendered":"<p>El Club N\u00e1utico San Pedro cumpli\u00f3 este jueves 8 de abril con su Asamblea General Ordinaria correspondiente al per\u00edodo 2019-2020. La reuni\u00f3n fue&nbsp;autorizada para su realizaci\u00f3n en horario diurno y al aire libre, tras las restricciones que se iniciaron en Marzo del 2020. La misma fue citada para un d\u00eda jueves considerando la posibilidad de [&hellip;]<\/p>\n","protected":false},"author":4,"featured_media":90647,"comment_status":"open","ping_status":"closed","sticky":false,"template":"","format":"standard","meta":{"om_disable_all_campaigns":false,"_jetpack_memberships_contains_paid_content":false,"footnotes":""},"categories":[101,2],"tags":[],"class_list":["post-90646","post","type-post","status-publish","format-standard","has-post-thumbnail","hentry","category-interes-general-locales","category-locales"],"aioseo_notices":[],"gutentor_comment":0,"jetpack_featured_media_url":"https:\/\/eldiariodesanpedro.com.ar\/sitio\/wp-content\/uploads\/2021\/04\/000090889.jpg","jetpack_shortlink":"https:\/\/wp.me\/p6RhLt-nA2","jetpack_sharing_enabled":true,"_links":{"self":[{"href":"https:\/\/eldiariodesanpedro.com.ar\/sitio\/wp-json\/wp\/v2\/posts\/90646","targetHints":{"allow":["GET"]}}],"collection":[{"href":"https:\/\/eldiariodesanpedro.com.ar\/sitio\/wp-json\/wp\/v2\/posts"}],"about":[{"href":"https:\/\/eldiariodesanpedro.com.ar\/sitio\/wp-json\/wp\/v2\/types\/post"}],"author":[{"embeddable":true,"href":"https:\/\/eldiariodesanpedro.com.ar\/sitio\/wp-json\/wp\/v2\/users\/4"}],"replies":[{"embeddable":true,"href":"https:\/\/eldiariodesanpedro.com.ar\/sitio\/wp-json\/wp\/v2\/comments?post=90646"}],"version-history":[{"count":1,"href":"https:\/\/eldiariodesanpedro.com.ar\/sitio\/wp-json\/wp\/v2\/posts\/90646\/revisions"}],"predecessor-version":[{"id":90648,"href":"https:\/\/eldiariodesanpedro.com.ar\/sitio\/wp-json\/wp\/v2\/posts\/90646\/revisions\/90648"}],"wp:featuredmedia":[{"embeddable":true,"href":"https:\/\/eldiariodesanpedro.com.ar\/sitio\/wp-json\/wp\/v2\/media\/90647"}],"wp:attachment":[{"href":"https:\/\/eldiariodesanpedro.com.ar\/sitio\/wp-json\/wp\/v2\/media?parent=90646"}],"wp:term":[{"taxonomy":"category","embeddable":true,"href":"https:\/\/eldiariodesanpedro.com.ar\/sitio\/wp-json\/wp\/v2\/categories?post=90646"},{"taxonomy":"post_tag","embeddable":true,"href":"https:\/\/eldiariodesanpedro.com.ar\/sitio\/wp-json\/wp\/v2\/tags?post=90646"}],"curies":[{"name":"wp","href":"https:\/\/api.w.org\/{rel}","templated":true}]}}