{"id":90643,"date":"2021-04-09T10:40:06","date_gmt":"2021-04-09T13:40:06","guid":{"rendered":"https:\/\/eldiariodesanpedro.com.ar\/sitio\/?p=90643"},"modified":"2021-04-09T10:40:11","modified_gmt":"2021-04-09T13:40:11","slug":"en-rapido-accionar-la-policia-recupero-una-moto-robada","status":"publish","type":"post","link":"https:\/\/eldiariodesanpedro.com.ar\/sitio\/en-rapido-accionar-la-policia-recupero-una-moto-robada\/","title":{"rendered":"En r\u00e1pido accionar la polic\u00eda recuper\u00f3 una moto robada"},"content":{"rendered":"<!-- VideographyWP Plugin Message: Automatic video embedding prevented by plugin options. -->\n\n<p>Este jueves promediando las 22 hs personal policial en Beaumont y Maestro Reyna, r\u00e1pido accionar procede al secuestro de una motocicleta 110 cc la cual momentos antes es sustra\u00edda a ciudadana de 54 a\u00f1os, por parte de sujeto masculino aprovechando que la v\u00edctima ingresaba a su domicilio en calle Larralde 500, intimidando con arma corta.&nbsp;<\/p>\n\n\n\n<p>La v\u00edctima result\u00f3 ilesa, se profundizan las averiguaciones para establecer la autor\u00eda del hecho.<\/p>\n","protected":false},"excerpt":{"rendered":"<p>Este jueves promediando las 22 hs personal policial en Beaumont y Maestro Reyna, r\u00e1pido accionar procede al secuestro de una motocicleta 110 cc la cual momentos antes es sustra\u00edda a ciudadana de 54 a\u00f1os, por parte de sujeto masculino aprovechando que la v\u00edctima ingresaba a su domicilio en calle Larralde 500, intimidando con arma corta.&nbsp; [&hellip;]<\/p>\n","protected":false},"author":4,"featured_media":90644,"comment_status":"open","ping_status":"closed","sticky":false,"template":"","format":"standard","meta":{"om_disable_all_campaigns":false,"_jetpack_memberships_contains_paid_content":false,"footnotes":""},"categories":[2,103],"tags":[],"class_list":["post-90643","post","type-post","status-publish","format-standard","has-post-thumbnail","hentry","category-locales","category-policiales-locales"],"aioseo_notices":[],"gutentor_comment":0,"jetpack_featured_media_url":"https:\/\/eldiariodesanpedro.com.ar\/sitio\/wp-content\/uploads\/2021\/04\/WhatsApp-Image-2021-04-09-at-10.15.05.jpeg","jetpack_shortlink":"https:\/\/wp.me\/p6RhLt-nzZ","jetpack_sharing_enabled":true,"_links":{"self":[{"href":"https:\/\/eldiariodesanpedro.com.ar\/sitio\/wp-json\/wp\/v2\/posts\/90643","targetHints":{"allow":["GET"]}}],"collection":[{"href":"https:\/\/eldiariodesanpedro.com.ar\/sitio\/wp-json\/wp\/v2\/posts"}],"about":[{"href":"https:\/\/eldiariodesanpedro.com.ar\/sitio\/wp-json\/wp\/v2\/types\/post"}],"author":[{"embeddable":true,"href":"https:\/\/eldiariodesanpedro.com.ar\/sitio\/wp-json\/wp\/v2\/users\/4"}],"replies":[{"embeddable":true,"href":"https:\/\/eldiariodesanpedro.com.ar\/sitio\/wp-json\/wp\/v2\/comments?post=90643"}],"version-history":[{"count":1,"href":"https:\/\/eldiariodesanpedro.com.ar\/sitio\/wp-json\/wp\/v2\/posts\/90643\/revisions"}],"predecessor-version":[{"id":90645,"href":"https:\/\/eldiariodesanpedro.com.ar\/sitio\/wp-json\/wp\/v2\/posts\/90643\/revisions\/90645"}],"wp:featuredmedia":[{"embeddable":true,"href":"https:\/\/eldiariodesanpedro.com.ar\/sitio\/wp-json\/wp\/v2\/media\/90644"}],"wp:attachment":[{"href":"https:\/\/eldiariodesanpedro.com.ar\/sitio\/wp-json\/wp\/v2\/media?parent=90643"}],"wp:term":[{"taxonomy":"category","embeddable":true,"href":"https:\/\/eldiariodesanpedro.com.ar\/sitio\/wp-json\/wp\/v2\/categories?post=90643"},{"taxonomy":"post_tag","embeddable":true,"href":"https:\/\/eldiariodesanpedro.com.ar\/sitio\/wp-json\/wp\/v2\/tags?post=90643"}],"curies":[{"name":"wp","href":"https:\/\/api.w.org\/{rel}","templated":true}]}}