{"id":90640,"date":"2021-04-09T10:33:45","date_gmt":"2021-04-09T13:33:45","guid":{"rendered":"https:\/\/eldiariodesanpedro.com.ar\/sitio\/?p=90640"},"modified":"2021-04-09T10:33:50","modified_gmt":"2021-04-09T13:33:50","slug":"golpeo-a-su-actual-pareja-y-quedo-detenido","status":"publish","type":"post","link":"https:\/\/eldiariodesanpedro.com.ar\/sitio\/golpeo-a-su-actual-pareja-y-quedo-detenido\/","title":{"rendered":"Golpeo a su actual pareja y quedo detenido"},"content":{"rendered":"<!-- VideographyWP Plugin Message: Automatic video embedding prevented by plugin options. -->\n\n<p>Este jueves la polic\u00eda de nuestra ciudad realiz\u00f3 la aprehensi\u00f3n de un sujeto quien fue denunciado por violencia de g\u00e9nero tras golpear a su actual pareja.<\/p>\n\n\n\n<p>El dia de ayer la polic\u00eda de nuestra ciudad en horas de la tarde noche se hace presente en calle Pav\u00f3n 200 d\u00f3nde&nbsp; aprehende a masculino 41 a\u00f1os, quien momento antes habr\u00eda agredido f\u00edsicamente y amenazado a su pareja femenina 30 a\u00f1os.&nbsp;<\/p>\n\n\n\n<p>La v\u00edctima sufri\u00f3 lesiones leves y fue asistida en la Comisar\u00eda de la mujer y la Familia Local, por su parte el agresor qued\u00f3&nbsp; imputado de los delitos mencionados y permanece alojado en sede policial.&nbsp;<\/p>\n","protected":false},"excerpt":{"rendered":"<p>Este jueves la polic\u00eda de nuestra ciudad realiz\u00f3 la aprehensi\u00f3n de un sujeto quien fue denunciado por violencia de g\u00e9nero tras golpear a su actual pareja. El dia de ayer la polic\u00eda de nuestra ciudad en horas de la tarde noche se hace presente en calle Pav\u00f3n 200 d\u00f3nde&nbsp; aprehende a masculino 41 a\u00f1os, quien [&hellip;]<\/p>\n","protected":false},"author":4,"featured_media":90641,"comment_status":"open","ping_status":"closed","sticky":false,"template":"","format":"standard","meta":{"om_disable_all_campaigns":false,"_jetpack_memberships_contains_paid_content":false,"footnotes":""},"categories":[2,103],"tags":[],"class_list":["post-90640","post","type-post","status-publish","format-standard","has-post-thumbnail","hentry","category-locales","category-policiales-locales"],"aioseo_notices":[],"gutentor_comment":0,"jetpack_featured_media_url":"https:\/\/eldiariodesanpedro.com.ar\/sitio\/wp-content\/uploads\/2021\/04\/WhatsApp-Image-2021-04-09-at-10.16.40.jpeg","jetpack_shortlink":"https:\/\/wp.me\/p6RhLt-nzW","jetpack_sharing_enabled":true,"_links":{"self":[{"href":"https:\/\/eldiariodesanpedro.com.ar\/sitio\/wp-json\/wp\/v2\/posts\/90640","targetHints":{"allow":["GET"]}}],"collection":[{"href":"https:\/\/eldiariodesanpedro.com.ar\/sitio\/wp-json\/wp\/v2\/posts"}],"about":[{"href":"https:\/\/eldiariodesanpedro.com.ar\/sitio\/wp-json\/wp\/v2\/types\/post"}],"author":[{"embeddable":true,"href":"https:\/\/eldiariodesanpedro.com.ar\/sitio\/wp-json\/wp\/v2\/users\/4"}],"replies":[{"embeddable":true,"href":"https:\/\/eldiariodesanpedro.com.ar\/sitio\/wp-json\/wp\/v2\/comments?post=90640"}],"version-history":[{"count":1,"href":"https:\/\/eldiariodesanpedro.com.ar\/sitio\/wp-json\/wp\/v2\/posts\/90640\/revisions"}],"predecessor-version":[{"id":90642,"href":"https:\/\/eldiariodesanpedro.com.ar\/sitio\/wp-json\/wp\/v2\/posts\/90640\/revisions\/90642"}],"wp:featuredmedia":[{"embeddable":true,"href":"https:\/\/eldiariodesanpedro.com.ar\/sitio\/wp-json\/wp\/v2\/media\/90641"}],"wp:attachment":[{"href":"https:\/\/eldiariodesanpedro.com.ar\/sitio\/wp-json\/wp\/v2\/media?parent=90640"}],"wp:term":[{"taxonomy":"category","embeddable":true,"href":"https:\/\/eldiariodesanpedro.com.ar\/sitio\/wp-json\/wp\/v2\/categories?post=90640"},{"taxonomy":"post_tag","embeddable":true,"href":"https:\/\/eldiariodesanpedro.com.ar\/sitio\/wp-json\/wp\/v2\/tags?post=90640"}],"curies":[{"name":"wp","href":"https:\/\/api.w.org\/{rel}","templated":true}]}}