{"id":90635,"date":"2021-04-09T10:24:09","date_gmt":"2021-04-09T13:24:09","guid":{"rendered":"https:\/\/eldiariodesanpedro.com.ar\/sitio\/?p=90635"},"modified":"2021-04-09T10:24:14","modified_gmt":"2021-04-09T13:24:14","slug":"buscaban-un-celular-robado-pero-encontraron-armas-balas-estupefacientes-y-una-planta-de-marihuana","status":"publish","type":"post","link":"https:\/\/eldiariodesanpedro.com.ar\/sitio\/buscaban-un-celular-robado-pero-encontraron-armas-balas-estupefacientes-y-una-planta-de-marihuana\/","title":{"rendered":"Buscaban un celular robado pero encontraron armas, balas, estupefacientes y una planta de marihuana"},"content":{"rendered":"<!-- VideographyWP Plugin Message: Automatic video embedding prevented by plugin options. -->\n\n<p>En la jornada de ayer la polic\u00eda de nuestra ciudad realiz\u00f3 el esclarecimiento de un hecho delictivo.<\/p>\n\n\n\n<p>El personal policial del Gabinete Criminol\u00f3gico de la Comisar\u00eda en el marco de un hecho de hurto que se investigaba&nbsp; di\u00f3 cumplimiento orden de allanamiento en Calle 35 BIS N\u00ba 1300 no logrando secuestro telefon\u00eda celular que se&nbsp; buscaba se secuestr\u00f3 un arma de fuego tipo escopeta recortada calibre 20, con cartucho interior del ca\u00f1o, adem\u00e1s de 8 cartuchos calibre 20, 1 calibre 16, 1 munici\u00f3n calibre 22, gran cantidad de sustancia marihuana compactada peso m\u00e1s de 140 gramos, una planta de marihuana de 1,20 mts aproximadamente y una motocicleta 70 cc&nbsp; cual registra pedido secuestro activo S\/ROBO del a\u00f1o 2020 a requerimiento de la justicia juvenil.&nbsp;&nbsp;<\/p>\n\n\n\n<p>Respecto del morado un masculino de 26 a\u00f1os se cumplieron recaudos legales. El hecho inicial fue la denuncia de la sustracci\u00f3n de un celular\u00a0 el dia mi\u00e9rcoles pasado en perjuicio de una mujer mayor de edad bajo la car\u00e1tula de hurto.<\/p>\n\n\n\n<figure class=\"wp-block-image size-large\"><img decoding=\"async\" width=\"768\" height=\"1024\" data-attachment-id=\"90637\" data-permalink=\"https:\/\/eldiariodesanpedro.com.ar\/sitio\/buscaban-un-celular-robado-pero-encontraron-armas-balas-estupefacientes-y-una-planta-de-marihuana\/whatsapp-image-2021-04-09-at-10-15-15\/\" data-orig-file=\"https:\/\/eldiariodesanpedro.com.ar\/sitio\/wp-content\/uploads\/2021\/04\/WhatsApp-Image-2021-04-09-at-10.15.15.jpeg\" data-orig-size=\"960,1280\" data-comments-opened=\"1\" data-image-meta=\"{&quot;aperture&quot;:&quot;0&quot;,&quot;credit&quot;:&quot;&quot;,&quot;camera&quot;:&quot;&quot;,&quot;caption&quot;:&quot;&quot;,&quot;created_timestamp&quot;:&quot;0&quot;,&quot;copyright&quot;:&quot;&quot;,&quot;focal_length&quot;:&quot;0&quot;,&quot;iso&quot;:&quot;0&quot;,&quot;shutter_speed&quot;:&quot;0&quot;,&quot;title&quot;:&quot;&quot;,&quot;orientation&quot;:&quot;0&quot;}\" data-image-title=\"WhatsApp Image 2021-04-09 at 10.15.15\" data-image-description=\"\" data-image-caption=\"\" data-large-file=\"https:\/\/eldiariodesanpedro.com.ar\/sitio\/wp-content\/uploads\/2021\/04\/WhatsApp-Image-2021-04-09-at-10.15.15-768x1024.jpeg\" data-src=\"https:\/\/eldiariodesanpedro.com.ar\/sitio\/wp-content\/uploads\/2021\/04\/WhatsApp-Image-2021-04-09-at-10.15.15-768x1024.jpeg\" alt=\"\" class=\"wp-image-90637 lazyload\" data-srcset=\"https:\/\/eldiariodesanpedro.com.ar\/sitio\/wp-content\/uploads\/2021\/04\/WhatsApp-Image-2021-04-09-at-10.15.15-768x1024.jpeg 768w, https:\/\/eldiariodesanpedro.com.ar\/sitio\/wp-content\/uploads\/2021\/04\/WhatsApp-Image-2021-04-09-at-10.15.15-225x300.jpeg 225w, https:\/\/eldiariodesanpedro.com.ar\/sitio\/wp-content\/uploads\/2021\/04\/WhatsApp-Image-2021-04-09-at-10.15.15.jpeg 960w\" data-sizes=\"(max-width: 768px) 100vw, 768px\" src=\"data:image\/svg+xml;base64,PHN2ZyB3aWR0aD0iMSIgaGVpZ2h0PSIxIiB4bWxucz0iaHR0cDovL3d3dy53My5vcmcvMjAwMC9zdmciPjwvc3ZnPg==\" style=\"--smush-placeholder-width: 768px; --smush-placeholder-aspect-ratio: 768\/1024;\" \/><\/figure>\n\n\n\n<figure class=\"wp-block-image size-large\"><img decoding=\"async\" width=\"666\" height=\"1024\" data-attachment-id=\"90638\" data-permalink=\"https:\/\/eldiariodesanpedro.com.ar\/sitio\/buscaban-un-celular-robado-pero-encontraron-armas-balas-estupefacientes-y-una-planta-de-marihuana\/whatsapp-image-2021-04-09-at-10-15-14\/\" data-orig-file=\"https:\/\/eldiariodesanpedro.com.ar\/sitio\/wp-content\/uploads\/2021\/04\/WhatsApp-Image-2021-04-09-at-10.15.14.jpeg\" data-orig-size=\"832,1280\" data-comments-opened=\"1\" data-image-meta=\"{&quot;aperture&quot;:&quot;0&quot;,&quot;credit&quot;:&quot;&quot;,&quot;camera&quot;:&quot;&quot;,&quot;caption&quot;:&quot;&quot;,&quot;created_timestamp&quot;:&quot;0&quot;,&quot;copyright&quot;:&quot;&quot;,&quot;focal_length&quot;:&quot;0&quot;,&quot;iso&quot;:&quot;0&quot;,&quot;shutter_speed&quot;:&quot;0&quot;,&quot;title&quot;:&quot;&quot;,&quot;orientation&quot;:&quot;0&quot;}\" data-image-title=\"WhatsApp-Image-2021-04-09-at-10.15.14\" data-image-description=\"\" data-image-caption=\"\" data-large-file=\"https:\/\/eldiariodesanpedro.com.ar\/sitio\/wp-content\/uploads\/2021\/04\/WhatsApp-Image-2021-04-09-at-10.15.14-666x1024.jpeg\" data-src=\"https:\/\/eldiariodesanpedro.com.ar\/sitio\/wp-content\/uploads\/2021\/04\/WhatsApp-Image-2021-04-09-at-10.15.14-666x1024.jpeg\" alt=\"\" class=\"wp-image-90638 lazyload\" data-srcset=\"https:\/\/eldiariodesanpedro.com.ar\/sitio\/wp-content\/uploads\/2021\/04\/WhatsApp-Image-2021-04-09-at-10.15.14-666x1024.jpeg 666w, https:\/\/eldiariodesanpedro.com.ar\/sitio\/wp-content\/uploads\/2021\/04\/WhatsApp-Image-2021-04-09-at-10.15.14-195x300.jpeg 195w, https:\/\/eldiariodesanpedro.com.ar\/sitio\/wp-content\/uploads\/2021\/04\/WhatsApp-Image-2021-04-09-at-10.15.14-768x1182.jpeg 768w, https:\/\/eldiariodesanpedro.com.ar\/sitio\/wp-content\/uploads\/2021\/04\/WhatsApp-Image-2021-04-09-at-10.15.14.jpeg 832w\" data-sizes=\"(max-width: 666px) 100vw, 666px\" src=\"data:image\/svg+xml;base64,PHN2ZyB3aWR0aD0iMSIgaGVpZ2h0PSIxIiB4bWxucz0iaHR0cDovL3d3dy53My5vcmcvMjAwMC9zdmciPjwvc3ZnPg==\" style=\"--smush-placeholder-width: 666px; --smush-placeholder-aspect-ratio: 666\/1024;\" \/><\/figure>\n","protected":false},"excerpt":{"rendered":"<p>En la jornada de ayer la polic\u00eda de nuestra ciudad realiz\u00f3 el esclarecimiento de un hecho delictivo. El personal policial del Gabinete Criminol\u00f3gico de la Comisar\u00eda en el marco de un hecho de hurto que se investigaba&nbsp; di\u00f3 cumplimiento orden de allanamiento en Calle 35 BIS N\u00ba 1300 no logrando secuestro telefon\u00eda celular que se&nbsp; [&hellip;]<\/p>\n","protected":false},"author":4,"featured_media":90636,"comment_status":"open","ping_status":"closed","sticky":false,"template":"","format":"standard","meta":{"om_disable_all_campaigns":false,"_jetpack_memberships_contains_paid_content":false,"footnotes":""},"categories":[50,2,103],"tags":[],"class_list":["post-90635","post","type-post","status-publish","format-standard","has-post-thumbnail","hentry","category-destacadas","category-locales","category-policiales-locales"],"aioseo_notices":[],"gutentor_comment":0,"jetpack_featured_media_url":"https:\/\/eldiariodesanpedro.com.ar\/sitio\/wp-content\/uploads\/2021\/04\/WhatsApp-Image-2021-04-09-at-10.15.15-1.jpeg","jetpack_shortlink":"https:\/\/wp.me\/p6RhLt-nzR","jetpack_sharing_enabled":true,"_links":{"self":[{"href":"https:\/\/eldiariodesanpedro.com.ar\/sitio\/wp-json\/wp\/v2\/posts\/90635","targetHints":{"allow":["GET"]}}],"collection":[{"href":"https:\/\/eldiariodesanpedro.com.ar\/sitio\/wp-json\/wp\/v2\/posts"}],"about":[{"href":"https:\/\/eldiariodesanpedro.com.ar\/sitio\/wp-json\/wp\/v2\/types\/post"}],"author":[{"embeddable":true,"href":"https:\/\/eldiariodesanpedro.com.ar\/sitio\/wp-json\/wp\/v2\/users\/4"}],"replies":[{"embeddable":true,"href":"https:\/\/eldiariodesanpedro.com.ar\/sitio\/wp-json\/wp\/v2\/comments?post=90635"}],"version-history":[{"count":1,"href":"https:\/\/eldiariodesanpedro.com.ar\/sitio\/wp-json\/wp\/v2\/posts\/90635\/revisions"}],"predecessor-version":[{"id":90639,"href":"https:\/\/eldiariodesanpedro.com.ar\/sitio\/wp-json\/wp\/v2\/posts\/90635\/revisions\/90639"}],"wp:featuredmedia":[{"embeddable":true,"href":"https:\/\/eldiariodesanpedro.com.ar\/sitio\/wp-json\/wp\/v2\/media\/90636"}],"wp:attachment":[{"href":"https:\/\/eldiariodesanpedro.com.ar\/sitio\/wp-json\/wp\/v2\/media?parent=90635"}],"wp:term":[{"taxonomy":"category","embeddable":true,"href":"https:\/\/eldiariodesanpedro.com.ar\/sitio\/wp-json\/wp\/v2\/categories?post=90635"},{"taxonomy":"post_tag","embeddable":true,"href":"https:\/\/eldiariodesanpedro.com.ar\/sitio\/wp-json\/wp\/v2\/tags?post=90635"}],"curies":[{"name":"wp","href":"https:\/\/api.w.org\/{rel}","templated":true}]}}