{"id":90633,"date":"2021-04-09T10:12:57","date_gmt":"2021-04-09T13:12:57","guid":{"rendered":"https:\/\/eldiariodesanpedro.com.ar\/sitio\/?p=90633"},"modified":"2021-04-09T10:13:02","modified_gmt":"2021-04-09T13:13:02","slug":"cronograma-de-anses-para-hoy-viernes-5","status":"publish","type":"post","link":"https:\/\/eldiariodesanpedro.com.ar\/sitio\/cronograma-de-anses-para-hoy-viernes-5\/","title":{"rendered":"Cronograma de Anses para hoy viernes"},"content":{"rendered":"<!-- VideographyWP Plugin Message: Automatic video embedding prevented by plugin options. -->\n\n<p>El organismo, a cargo de la Lic. Fernanda Raverta, informa que hoy se abonan Pensiones No Contributivas y Asignaci\u00f3n por Embarazo.<\/p>\n\n\n\n<p><strong>Pago del primer bono de 1500 pesos<\/strong><\/p>\n\n\n\n<p>&nbsp;&nbsp;&nbsp;&nbsp;&nbsp; Al aumento del 8,07 por ciento vigente desde marzo, este mes se suma el pago del <strong>primer bono de 1500 pesos para los jubilados, jubiladas, pensionados y pensionadas con ingresos de hasta 30.856 pesos<\/strong>. El segundo se abonar\u00e1 durante el pr\u00f3ximo mes. De esta forma, el haber m\u00ednimo ser\u00e1 de <strong>22.071 pesos<\/strong> en abril y mayo. <strong>El Estado, as\u00ed, realizar\u00e1 una inversi\u00f3n de 14,4 mil millones de pesos (por abril y mayo) para proteger los ingresos e impulsar el consumo<\/strong>.<\/p>\n\n\n\n<p><strong>Pensiones No Contributivas<\/strong><\/p>\n\n\n\n<p>Las sucursales bancarias habilitadas atender\u00e1n por ventanilla solo a titulares de Pensiones No Contributivas (PNC) que deban cobrar su haber de abril con documentos terminados en <strong>8 <\/strong>y <strong>9<\/strong>.<\/p>\n\n\n\n<p>En este sentido, si bien estas personas no tienen que solicitar turno previo para cobrar este beneficio, deben acercarse a la sucursal bancaria \u00fanicamente en la fecha asignada. Cabe recordar que los haberes permanecer\u00e1n depositados en sus cuentas.<\/p>\n\n\n\n<p><strong>Asignaci\u00f3n Universal por Embarazo<\/strong>Con la utilizaci\u00f3n de la tarjeta de d\u00e9bito, hoy cobran la Asignaci\u00f3n Universal por Embarazo las titulares con documentos finalizados en <strong>0<\/strong>.<\/p>\n","protected":false},"excerpt":{"rendered":"<p>El organismo, a cargo de la Lic. Fernanda Raverta, informa que hoy se abonan Pensiones No Contributivas y Asignaci\u00f3n por Embarazo. Pago del primer bono de 1500 pesos &nbsp;&nbsp;&nbsp;&nbsp;&nbsp; Al aumento del 8,07 por ciento vigente desde marzo, este mes se suma el pago del primer bono de 1500 pesos para los jubilados, jubiladas, pensionados [&hellip;]<\/p>\n","protected":false},"author":4,"featured_media":74872,"comment_status":"open","ping_status":"closed","sticky":false,"template":"","format":"standard","meta":{"om_disable_all_campaigns":false,"_jetpack_memberships_contains_paid_content":false,"footnotes":""},"categories":[101,2],"tags":[],"class_list":["post-90633","post","type-post","status-publish","format-standard","has-post-thumbnail","hentry","category-interes-general-locales","category-locales"],"aioseo_notices":[],"gutentor_comment":0,"jetpack_featured_media_url":"https:\/\/eldiariodesanpedro.com.ar\/sitio\/wp-content\/uploads\/2020\/06\/SM-anses-07052020.jpeg","jetpack_shortlink":"https:\/\/wp.me\/p6RhLt-nzP","jetpack_sharing_enabled":true,"_links":{"self":[{"href":"https:\/\/eldiariodesanpedro.com.ar\/sitio\/wp-json\/wp\/v2\/posts\/90633","targetHints":{"allow":["GET"]}}],"collection":[{"href":"https:\/\/eldiariodesanpedro.com.ar\/sitio\/wp-json\/wp\/v2\/posts"}],"about":[{"href":"https:\/\/eldiariodesanpedro.com.ar\/sitio\/wp-json\/wp\/v2\/types\/post"}],"author":[{"embeddable":true,"href":"https:\/\/eldiariodesanpedro.com.ar\/sitio\/wp-json\/wp\/v2\/users\/4"}],"replies":[{"embeddable":true,"href":"https:\/\/eldiariodesanpedro.com.ar\/sitio\/wp-json\/wp\/v2\/comments?post=90633"}],"version-history":[{"count":1,"href":"https:\/\/eldiariodesanpedro.com.ar\/sitio\/wp-json\/wp\/v2\/posts\/90633\/revisions"}],"predecessor-version":[{"id":90634,"href":"https:\/\/eldiariodesanpedro.com.ar\/sitio\/wp-json\/wp\/v2\/posts\/90633\/revisions\/90634"}],"wp:featuredmedia":[{"embeddable":true,"href":"https:\/\/eldiariodesanpedro.com.ar\/sitio\/wp-json\/wp\/v2\/media\/74872"}],"wp:attachment":[{"href":"https:\/\/eldiariodesanpedro.com.ar\/sitio\/wp-json\/wp\/v2\/media?parent=90633"}],"wp:term":[{"taxonomy":"category","embeddable":true,"href":"https:\/\/eldiariodesanpedro.com.ar\/sitio\/wp-json\/wp\/v2\/categories?post=90633"},{"taxonomy":"post_tag","embeddable":true,"href":"https:\/\/eldiariodesanpedro.com.ar\/sitio\/wp-json\/wp\/v2\/tags?post=90633"}],"curies":[{"name":"wp","href":"https:\/\/api.w.org\/{rel}","templated":true}]}}