{"id":90629,"date":"2021-04-08T17:46:00","date_gmt":"2021-04-08T20:46:00","guid":{"rendered":"https:\/\/eldiariodesanpedro.com.ar\/sitio\/?p=90629"},"modified":"2021-04-08T17:46:03","modified_gmt":"2021-04-08T20:46:03","slug":"coronavirus-asi-quedo-el-mapa-de-fases-de-la-provincia","status":"publish","type":"post","link":"https:\/\/eldiariodesanpedro.com.ar\/sitio\/coronavirus-asi-quedo-el-mapa-de-fases-de-la-provincia\/","title":{"rendered":"Coronavirus: as\u00ed qued\u00f3 el mapa de fases de la Provincia"},"content":{"rendered":"<!-- VideographyWP Plugin Message: Automatic video embedding prevented by plugin options. -->\n\n<p>El Gobierno de la provincia de Buenos Aires aplic\u00f3 los anuncios de Alberto Fern\u00e1ndez y actualiz\u00f3 el mapa de fases por coronavirus. Enterate c\u00f3mo est\u00e1 tu ciudad.<\/p>\n\n\n\n<p>Tras los anuncios del presidente\u00a0<strong>Alberto Fern\u00e1ndez<\/strong>, y en el marco de la s<strong>egunda ola de\u00a0coronavirus<\/strong>, el\u00a0<strong>Gobierno de la provincia de Buenos Aires<\/strong>\u00a0anunci\u00f3 hoy c\u00f3mo se implementar\u00e1n las restricciones horarias en los distintos\u00a0<strong>municipios\u00a0bonaerenses.<\/strong><\/p>\n\n\n\n<p>Esto signific\u00f3 la vuelta del sistema de fases que implement\u00f3\u00a0<strong>Axel Kicillof<\/strong>\u00a0el a\u00f1o pasado: una suerte de \u00absem\u00e1foro\u00bb que plantea medidas m\u00e1s duras a medida que la situaci\u00f3n epidemiol\u00f3gica se complica.<\/p>\n\n\n\n<p>Seg\u00fan inform\u00f3 la Provincia, en&nbsp;<strong>FASE 3 hay 40 municipios; en FASE 4 hay 79 y en la FASE 5 s\u00f3lo 16<\/strong>, los m\u00e1s peque\u00f1os en t\u00e9rminos poblacionales o m\u00e1s aislados en t\u00e9rminos geogr\u00e1ficos.<\/p>\n\n\n\n<p>Tambi\u00e9n precis\u00f3 que actividades como la producci\u00f3n agropecuaria, industrias manufactureras, servicios y construcci\u00f3n privada continuar\u00e1n normalmente, con protocolos y transporte propio, en tanto que la educaci\u00f3n mantendr\u00e1 la modalidad actual, con presencialidad y complemento a distancia.<\/p>\n\n\n\n<figure class=\"wp-block-image size-large\"><img decoding=\"async\" width=\"887\" height=\"468\" data-attachment-id=\"90630\" data-permalink=\"https:\/\/eldiariodesanpedro.com.ar\/sitio\/coronavirus-asi-quedo-el-mapa-de-fases-de-la-provincia\/fases-provinciajpg\/\" data-orig-file=\"https:\/\/eldiariodesanpedro.com.ar\/sitio\/wp-content\/uploads\/2021\/04\/fases-provinciajpg.jpg\" data-orig-size=\"887,468\" data-comments-opened=\"1\" data-image-meta=\"{&quot;aperture&quot;:&quot;0&quot;,&quot;credit&quot;:&quot;&quot;,&quot;camera&quot;:&quot;&quot;,&quot;caption&quot;:&quot;&quot;,&quot;created_timestamp&quot;:&quot;0&quot;,&quot;copyright&quot;:&quot;&quot;,&quot;focal_length&quot;:&quot;0&quot;,&quot;iso&quot;:&quot;0&quot;,&quot;shutter_speed&quot;:&quot;0&quot;,&quot;title&quot;:&quot;&quot;,&quot;orientation&quot;:&quot;0&quot;}\" data-image-title=\"fases-provinciajpg\" data-image-description=\"\" data-image-caption=\"\" data-large-file=\"https:\/\/eldiariodesanpedro.com.ar\/sitio\/wp-content\/uploads\/2021\/04\/fases-provinciajpg.jpg\" data-src=\"https:\/\/eldiariodesanpedro.com.ar\/sitio\/wp-content\/uploads\/2021\/04\/fases-provinciajpg.jpg\" alt=\"\" class=\"wp-image-90630 lazyload\" data-srcset=\"https:\/\/eldiariodesanpedro.com.ar\/sitio\/wp-content\/uploads\/2021\/04\/fases-provinciajpg.jpg 887w, https:\/\/eldiariodesanpedro.com.ar\/sitio\/wp-content\/uploads\/2021\/04\/fases-provinciajpg-300x158.jpg 300w, https:\/\/eldiariodesanpedro.com.ar\/sitio\/wp-content\/uploads\/2021\/04\/fases-provinciajpg-768x405.jpg 768w\" data-sizes=\"(max-width: 887px) 100vw, 887px\" src=\"data:image\/svg+xml;base64,PHN2ZyB3aWR0aD0iMSIgaGVpZ2h0PSIxIiB4bWxucz0iaHR0cDovL3d3dy53My5vcmcvMjAwMC9zdmciPjwvc3ZnPg==\" style=\"--smush-placeholder-width: 887px; --smush-placeholder-aspect-ratio: 887\/468;\" \/><\/figure>\n\n\n\n<h4 class=\"wp-block-heading\">MUNICIPIOS EN FASE 3<\/h4>\n\n\n\n<p>Almirante Brown , Avellaneda , Berazategui , Berisso , Brandsen , Campana , Ca\u00f1uelas , Ensenada , Escobar , Esteban Echeverr\u00eda , Exaltaci\u00f3n de la Cruz , Ezeiza , Florencio Varela , General Las Heras , General Rodr\u00edguez , General San Mart\u00edn , Hurlingham , Ituzaing\u00f3 , Jos\u00e9 C. Paz , La Matanza , Lan\u00fas , La Plata , Lomas de Zamora , Luj\u00e1n , Marcos Paz , Malvinas Argentinas , Moreno , Merlo , Mor\u00f3n , Pilar , Presidente Per\u00f3n , Quilmes , San Fernando , San Isidro , San Miguel , San Vicente , Tigre , Tres de Febrero , Vicente L\u00f3pez , Z\u00e1rate.<\/p>\n\n\n\n<h4 class=\"wp-block-heading\">MUNICIPIOS EN FASE 4<\/h4>\n\n\n\n<p>25 de Mayo , 9 de Julio , Adolfo Gonzales Chaves , Alberti , Ayacucho , Azul , Bah\u00eda Blanca , Balcarce , Baradero , Benito Ju\u00e1rez , Coronel de Marina L. Rosales , Coronel Pringles, Coronel Su\u00e1rez , Daireaux , Dolores , General Alvarado , General Alvear, General Arenales , General Belgrano , General Guido , General Juan Madariaga , General La Madrid , General Paz , General Pueyrred\u00f3n , General Villegas , Hip\u00f3lito Yrigoyen , Jun\u00edn , La Costa , Laprida , Las Flores, Bol\u00edvar , Bragado , Carlos Casares , Carlos Tejedor , Carmen de Areco , Castelli, Chacabuco , Chascom\u00fas , Chivilcoy , Col\u00f3n, Navarro , Necochea , Olavarr\u00eda , Patagones , Pehuaj\u00f3 , Pergamino , Pinamar , Pu\u00e1n, Punta Indio, Ramallo, Rauch, Rivadavia , Rojas , Roque P\u00e9rez , Saavedra , Saladillo , Salto , San Andr\u00e9s de Giles , San Antonio de Areco , San Cayetano, , San Nicol\u00e1s, San Pedro , Suipacha , Tandil , Tornquist , Trenque Lauquen , Tres Arroyos , Tres Lomas, Villa Gesell, Leandro N. Alem , Lincoln , Lober\u00eda , Lobos , Magdalena , Maip\u00fa , Mar Chiquita , Mercedes , Monte , Monte Hermoso.<\/p>\n\n\n\n<h4 class=\"wp-block-heading\">MUNICIPIOS EN FASE 5<\/h4>\n\n\n\n<p>Adolfo Alsina, Arrecifes, Capit\u00e1n Sarmiento, Coronel Dorrego, Florentino Ameghino, General Lavalle, General Pinto, General Viamonte, Guamin\u00ed, Lezama, Pellegrini, Pila, Salliquel\u00f3, Tapalqu\u00e9, Tordillo y Villarino.<\/p>\n\n\n\n<h4 class=\"wp-block-heading\">CU\u00c1LES SON LAS RESTRICCIONES DE CADA FASE<\/h4>\n\n\n\n<p><strong>Fase 5:<\/strong>&nbsp;restricci\u00f3n horaria total (circulaci\u00f3n y cierre de negocios) entre las 02.00 y las 06.00 hs.<\/p>\n\n\n\n<p><strong>Fase 4:<\/strong>&nbsp;restricci\u00f3n horaria total (circulaci\u00f3n y cierre de negocios) entre las 00.00 y las 06.00 hs.<\/p>\n\n\n\n<p><strong>Fase 3:<\/strong>\u00a0se implementar\u00e1n las siguientes restricciones horarias y a actividades espec\u00edficas:<br>&#8211; Cierre de comercios en general entre las 20.00 y las 06.00 hs.<br>&#8211; Cierre de locales de gastronom\u00eda entre las 23.00 y las 06.00 hs.<br>&#8211; Prohibici\u00f3n de circular entre las 00.00 y las 06.00 hs.<br>&#8211; Suspensi\u00f3n de viajes grupales de egresados\/as, de estudio y de grupos tur\u00edsticos.<br>&#8211; Suspensi\u00f3n de actividades sociales en domicilios particulares.<br>&#8211; Suspensi\u00f3n de reuniones sociales en espacios p\u00fablicos al aire libre de m\u00e1s de 20 personas.<br>&#8211; Suspensi\u00f3n de actividades en casinos, bingos, discotecas o cualquier sal\u00f3n de fiestas.<br>&#8211; Suspensi\u00f3n de la pr\u00e1ctica recreativa de cualquier deporte en lugares cerrados donde participen m\u00e1s de 10 personas.<br>&#8211; S\u00f3lo podr\u00e1n usar el transporte p\u00fablico de pasajeros trabajadores considerados esenciales, la comunidad educativa y aquellos que ya fueron expresamente autorizados.<\/p>\n\n\n\n<p><a href=\"https:\/\/media.infocielo.com\/p\/c52da872f72b53afc514c759b0ab0a7c\/adjuntos\/299\/imagenes\/000\/997\/0000997156\/como-quedaron-las-fases-la-vuelta-las-restricciones-coronavirus.jpg\"><\/a><\/p>\n","protected":false},"excerpt":{"rendered":"<p>El Gobierno de la provincia de Buenos Aires aplic\u00f3 los anuncios de Alberto Fern\u00e1ndez y actualiz\u00f3 el mapa de fases por coronavirus. Enterate c\u00f3mo est\u00e1 tu ciudad. Tras los anuncios del presidente\u00a0Alberto Fern\u00e1ndez, y en el marco de la segunda ola de\u00a0coronavirus, el\u00a0Gobierno de la provincia de Buenos Aires\u00a0anunci\u00f3 hoy c\u00f3mo se implementar\u00e1n las restricciones [&hellip;]<\/p>\n","protected":false},"author":4,"featured_media":90631,"comment_status":"open","ping_status":"closed","sticky":false,"template":"","format":"standard","meta":{"om_disable_all_campaigns":false,"_jetpack_memberships_contains_paid_content":false,"footnotes":""},"categories":[621],"tags":[],"class_list":["post-90629","post","type-post","status-publish","format-standard","has-post-thumbnail","hentry","category-regionales"],"aioseo_notices":[],"gutentor_comment":0,"jetpack_featured_media_url":"https:\/\/eldiariodesanpedro.com.ar\/sitio\/wp-content\/uploads\/2021\/04\/como-quedaron-las-fases-la-vuelta-las-restricciones-coronavirus.jpg","jetpack_shortlink":"https:\/\/wp.me\/p6RhLt-nzL","jetpack_sharing_enabled":true,"_links":{"self":[{"href":"https:\/\/eldiariodesanpedro.com.ar\/sitio\/wp-json\/wp\/v2\/posts\/90629","targetHints":{"allow":["GET"]}}],"collection":[{"href":"https:\/\/eldiariodesanpedro.com.ar\/sitio\/wp-json\/wp\/v2\/posts"}],"about":[{"href":"https:\/\/eldiariodesanpedro.com.ar\/sitio\/wp-json\/wp\/v2\/types\/post"}],"author":[{"embeddable":true,"href":"https:\/\/eldiariodesanpedro.com.ar\/sitio\/wp-json\/wp\/v2\/users\/4"}],"replies":[{"embeddable":true,"href":"https:\/\/eldiariodesanpedro.com.ar\/sitio\/wp-json\/wp\/v2\/comments?post=90629"}],"version-history":[{"count":1,"href":"https:\/\/eldiariodesanpedro.com.ar\/sitio\/wp-json\/wp\/v2\/posts\/90629\/revisions"}],"predecessor-version":[{"id":90632,"href":"https:\/\/eldiariodesanpedro.com.ar\/sitio\/wp-json\/wp\/v2\/posts\/90629\/revisions\/90632"}],"wp:featuredmedia":[{"embeddable":true,"href":"https:\/\/eldiariodesanpedro.com.ar\/sitio\/wp-json\/wp\/v2\/media\/90631"}],"wp:attachment":[{"href":"https:\/\/eldiariodesanpedro.com.ar\/sitio\/wp-json\/wp\/v2\/media?parent=90629"}],"wp:term":[{"taxonomy":"category","embeddable":true,"href":"https:\/\/eldiariodesanpedro.com.ar\/sitio\/wp-json\/wp\/v2\/categories?post=90629"},{"taxonomy":"post_tag","embeddable":true,"href":"https:\/\/eldiariodesanpedro.com.ar\/sitio\/wp-json\/wp\/v2\/tags?post=90629"}],"curies":[{"name":"wp","href":"https:\/\/api.w.org\/{rel}","templated":true}]}}