{"id":90622,"date":"2021-04-08T13:02:02","date_gmt":"2021-04-08T16:02:02","guid":{"rendered":"https:\/\/eldiariodesanpedro.com.ar\/sitio\/?p=90622"},"modified":"2021-04-08T13:02:06","modified_gmt":"2021-04-08T16:02:06","slug":"san-nicolas-accidente-en-km-229-genero-demoras-en-un-carril-de-la-ruta-9","status":"publish","type":"post","link":"https:\/\/eldiariodesanpedro.com.ar\/sitio\/san-nicolas-accidente-en-km-229-genero-demoras-en-un-carril-de-la-ruta-9\/","title":{"rendered":"SAN NICOL\u00c1S | Accidente en Km 229 gener\u00f3 demoras en un carril de la Ruta 9"},"content":{"rendered":"<!-- VideographyWP Plugin Message: Automatic video embedding prevented by plugin options. -->\n\n<p>Ayer en el kil\u00f3metro 229 de la Ruta Nacional N\u00ba9, carril Rosario-Buenos Aires, colisionaron una camioneta Ford F350 conducida por un hombre de 58 a\u00f1os, y un Volkswagen Gol, color gris, dominio JLF 093, al mando de Javier Agust\u00edn Esp\u00edndola, de 23 a\u00f1os de edad.<\/p>\n\n\n\n<p>El conductor del veh\u00edculo de menor porte debi\u00f3 ser sacado del autom\u00f3vil por personal de bomberos y trasladado al hospital local. Presenta traumatismos leves y amnesia temporal. Se le est\u00e1n efectuando ex\u00e1menes complementarios para descartar alg\u00fan otro tipo de lesi\u00f3n.<\/p>\n\n\n\n<p>En este momento, la autopista se encuentra parcialmente cortada, lo que ralentiza la circulaci\u00f3n.<\/p>\n\n\n\n<p>Se hicieron presentes efectivos del Destacamento de la Emilia, bomberos de la misma localidad, Polic\u00eda Vial San Nicol\u00e1s y Gendarmer\u00eda Nacional.<\/p>\n\n\n\n<p>Entiende en el hecho la UFI N\u00ba 3.<\/p>\n","protected":false},"excerpt":{"rendered":"<p>Ayer en el kil\u00f3metro 229 de la Ruta Nacional N\u00ba9, carril Rosario-Buenos Aires, colisionaron una camioneta Ford F350 conducida por un hombre de 58 a\u00f1os, y un Volkswagen Gol, color gris, dominio JLF 093, al mando de Javier Agust\u00edn Esp\u00edndola, de 23 a\u00f1os de edad. El conductor del veh\u00edculo de menor porte debi\u00f3 ser sacado [&hellip;]<\/p>\n","protected":false},"author":4,"featured_media":90623,"comment_status":"open","ping_status":"closed","sticky":false,"template":"","format":"standard","meta":{"om_disable_all_campaigns":false,"_jetpack_memberships_contains_paid_content":false,"footnotes":""},"categories":[621],"tags":[],"class_list":["post-90622","post","type-post","status-publish","format-standard","has-post-thumbnail","hentry","category-regionales"],"aioseo_notices":[],"gutentor_comment":0,"jetpack_featured_media_url":"https:\/\/eldiariodesanpedro.com.ar\/sitio\/wp-content\/uploads\/2021\/04\/no_qel7wm3xy9j09raWhatsApp_Image_2021_04_07_at_18.16.33.jpg","jetpack_shortlink":"https:\/\/wp.me\/p6RhLt-nzE","jetpack_sharing_enabled":true,"_links":{"self":[{"href":"https:\/\/eldiariodesanpedro.com.ar\/sitio\/wp-json\/wp\/v2\/posts\/90622","targetHints":{"allow":["GET"]}}],"collection":[{"href":"https:\/\/eldiariodesanpedro.com.ar\/sitio\/wp-json\/wp\/v2\/posts"}],"about":[{"href":"https:\/\/eldiariodesanpedro.com.ar\/sitio\/wp-json\/wp\/v2\/types\/post"}],"author":[{"embeddable":true,"href":"https:\/\/eldiariodesanpedro.com.ar\/sitio\/wp-json\/wp\/v2\/users\/4"}],"replies":[{"embeddable":true,"href":"https:\/\/eldiariodesanpedro.com.ar\/sitio\/wp-json\/wp\/v2\/comments?post=90622"}],"version-history":[{"count":1,"href":"https:\/\/eldiariodesanpedro.com.ar\/sitio\/wp-json\/wp\/v2\/posts\/90622\/revisions"}],"predecessor-version":[{"id":90624,"href":"https:\/\/eldiariodesanpedro.com.ar\/sitio\/wp-json\/wp\/v2\/posts\/90622\/revisions\/90624"}],"wp:featuredmedia":[{"embeddable":true,"href":"https:\/\/eldiariodesanpedro.com.ar\/sitio\/wp-json\/wp\/v2\/media\/90623"}],"wp:attachment":[{"href":"https:\/\/eldiariodesanpedro.com.ar\/sitio\/wp-json\/wp\/v2\/media?parent=90622"}],"wp:term":[{"taxonomy":"category","embeddable":true,"href":"https:\/\/eldiariodesanpedro.com.ar\/sitio\/wp-json\/wp\/v2\/categories?post=90622"},{"taxonomy":"post_tag","embeddable":true,"href":"https:\/\/eldiariodesanpedro.com.ar\/sitio\/wp-json\/wp\/v2\/tags?post=90622"}],"curies":[{"name":"wp","href":"https:\/\/api.w.org\/{rel}","templated":true}]}}