{"id":90617,"date":"2021-04-08T12:53:24","date_gmt":"2021-04-08T15:53:24","guid":{"rendered":"https:\/\/eldiariodesanpedro.com.ar\/sitio\/?p=90617"},"modified":"2021-04-08T12:53:28","modified_gmt":"2021-04-08T15:53:28","slug":"campana-el-intendente-recibio-la-visita-del-ministerio-de-seguridad-bonaerense-sergio-berni","status":"publish","type":"post","link":"https:\/\/eldiariodesanpedro.com.ar\/sitio\/campana-el-intendente-recibio-la-visita-del-ministerio-de-seguridad-bonaerense-sergio-berni\/","title":{"rendered":"CAMPANA | El Intendente recibi\u00f3 la visita del ministerio de Seguridad bonaerense, Sergio Berni"},"content":{"rendered":"<!-- VideographyWP Plugin Message: Automatic video embedding prevented by plugin options. -->\n\n<h4 class=\"wp-block-heading\"><strong>Abella se reuni\u00f3 con el funcionario provincial, tal como se hab\u00eda acordado en la reuni\u00f3n que ambos mantuvieron semanas atr\u00e1s en La Plata. Durante el encuentro, se abordaron los trabajos que se est\u00e1n realizando en conjunto para prevenir el delito.<\/strong><\/h4>\n\n\n\n<p>Tal como hab\u00eda sido pautado en la \u00faltima reuni\u00f3n mantenida en La Plata, el ministro de Seguridad de la Provincia, Sergio Berni, visit\u00f3 este mi\u00e9rcoles al intendente Sebasti\u00e1n Abella para conversar sobre los trabajos articulados se est\u00e1n realizando en materia de prevenci\u00f3n de delito.<\/p>\n\n\n\n<p>Durante el encuentro, el jefe comunal le agradeci\u00f3 el env\u00edo de las diez nuevas unidades m\u00f3viles que ya patrullan la ciudad y que permitieron reforzar los recorridos de las cuadr\u00edculas.<\/p>\n\n\n\n<p>Adem\u00e1s, tras la reuni\u00f3n mantenida en el Palacio Municipal, visitaron el CIMoPU donde el ministro conoci\u00f3 de primera mano el funcionamiento de la Mesa de Enlace, la aplicaci\u00f3n Alerta Campana y toda la tecnolog\u00eda con la que cuenta el Municipio en materia de seguridad.<\/p>\n\n\n\n<p>\u201cAgradezco la visita de Sergio; venimos trabajando codo a codo con \u00e9l y su Ministerio para reforzar la seguridad en la ciudad y evitar cualquier tipo de il\u00edcito que ponga en riesgo a los vecinos\u201d, resumi\u00f3 Abella una vez finalizado el encuentro.<\/p>\n\n\n\n<p>Fuente: <a href=\"https:\/\/infozc.com\/2021\/04\/07\/el-intendente-recibio-la-visita-del-ministerio-de-seguridad-bonaerense-sergio-berni\/\">InfoZC<\/a><\/p>\n","protected":false},"excerpt":{"rendered":"<p>Abella se reuni\u00f3 con el funcionario provincial, tal como se hab\u00eda acordado en la reuni\u00f3n que ambos mantuvieron semanas atr\u00e1s en La Plata. Durante el encuentro, se abordaron los trabajos que se est\u00e1n realizando en conjunto para prevenir el delito. Tal como hab\u00eda sido pautado en la \u00faltima reuni\u00f3n mantenida en La Plata, el ministro [&hellip;]<\/p>\n","protected":false},"author":4,"featured_media":90618,"comment_status":"open","ping_status":"closed","sticky":false,"template":"","format":"standard","meta":{"om_disable_all_campaigns":false,"_jetpack_memberships_contains_paid_content":false,"footnotes":""},"categories":[621],"tags":[],"class_list":["post-90617","post","type-post","status-publish","format-standard","has-post-thumbnail","hentry","category-regionales"],"aioseo_notices":[],"gutentor_comment":0,"jetpack_featured_media_url":"https:\/\/eldiariodesanpedro.com.ar\/sitio\/wp-content\/uploads\/2021\/04\/BERNI.jpg","jetpack_shortlink":"https:\/\/wp.me\/p6RhLt-nzz","jetpack_sharing_enabled":true,"_links":{"self":[{"href":"https:\/\/eldiariodesanpedro.com.ar\/sitio\/wp-json\/wp\/v2\/posts\/90617","targetHints":{"allow":["GET"]}}],"collection":[{"href":"https:\/\/eldiariodesanpedro.com.ar\/sitio\/wp-json\/wp\/v2\/posts"}],"about":[{"href":"https:\/\/eldiariodesanpedro.com.ar\/sitio\/wp-json\/wp\/v2\/types\/post"}],"author":[{"embeddable":true,"href":"https:\/\/eldiariodesanpedro.com.ar\/sitio\/wp-json\/wp\/v2\/users\/4"}],"replies":[{"embeddable":true,"href":"https:\/\/eldiariodesanpedro.com.ar\/sitio\/wp-json\/wp\/v2\/comments?post=90617"}],"version-history":[{"count":1,"href":"https:\/\/eldiariodesanpedro.com.ar\/sitio\/wp-json\/wp\/v2\/posts\/90617\/revisions"}],"predecessor-version":[{"id":90619,"href":"https:\/\/eldiariodesanpedro.com.ar\/sitio\/wp-json\/wp\/v2\/posts\/90617\/revisions\/90619"}],"wp:featuredmedia":[{"embeddable":true,"href":"https:\/\/eldiariodesanpedro.com.ar\/sitio\/wp-json\/wp\/v2\/media\/90618"}],"wp:attachment":[{"href":"https:\/\/eldiariodesanpedro.com.ar\/sitio\/wp-json\/wp\/v2\/media?parent=90617"}],"wp:term":[{"taxonomy":"category","embeddable":true,"href":"https:\/\/eldiariodesanpedro.com.ar\/sitio\/wp-json\/wp\/v2\/categories?post=90617"},{"taxonomy":"post_tag","embeddable":true,"href":"https:\/\/eldiariodesanpedro.com.ar\/sitio\/wp-json\/wp\/v2\/tags?post=90617"}],"curies":[{"name":"wp","href":"https:\/\/api.w.org\/{rel}","templated":true}]}}