{"id":90614,"date":"2021-04-08T12:51:20","date_gmt":"2021-04-08T15:51:20","guid":{"rendered":"https:\/\/eldiariodesanpedro.com.ar\/sitio\/?p=90614"},"modified":"2021-04-08T12:51:26","modified_gmt":"2021-04-08T15:51:26","slug":"campana-mas-restricciones-kicillof-puso-a-campana-y-zarate-en-fase-3","status":"publish","type":"post","link":"https:\/\/eldiariodesanpedro.com.ar\/sitio\/campana-mas-restricciones-kicillof-puso-a-campana-y-zarate-en-fase-3\/","title":{"rendered":"CAMPANA | M\u00e1s restricciones: Kicillof puso a Campana y Z\u00e1rate en fase 3"},"content":{"rendered":"<!-- VideographyWP Plugin Message: Automatic video embedding prevented by plugin options. -->\n\n<p>A las medidas del gobierno nacional se suma: Restricci\u00f3n horaria entre las 23.00 y las 6.00 y prohibici\u00f3n de circular entre las 0 y las 6.<\/p>\n\n\n\n<p>Cierre de comercios en general entre las 20 y las 6.00.<\/p>\n\n\n\n<p>\u201cEl resto de las restricciones van a respetar todo lo que plante\u00f3 ayer Alberto Fern\u00e1ndez y vamos a invitar a los municipios adem\u00e1s a que liberen los estacionamientos\u201d.<\/p>\n\n\n\n<p>Fuente: InfoZC<\/p>\n","protected":false},"excerpt":{"rendered":"<p>A las medidas del gobierno nacional se suma: Restricci\u00f3n horaria entre las 23.00 y las 6.00 y prohibici\u00f3n de circular entre las 0 y las 6. Cierre de comercios en general entre las 20 y las 6.00. \u201cEl resto de las restricciones van a respetar todo lo que plante\u00f3 ayer Alberto Fern\u00e1ndez y vamos a [&hellip;]<\/p>\n","protected":false},"author":4,"featured_media":90615,"comment_status":"open","ping_status":"closed","sticky":false,"template":"","format":"standard","meta":{"om_disable_all_campaigns":false,"_jetpack_memberships_contains_paid_content":false,"footnotes":""},"categories":[621],"tags":[],"class_list":["post-90614","post","type-post","status-publish","format-standard","has-post-thumbnail","hentry","category-regionales"],"aioseo_notices":[],"gutentor_comment":0,"jetpack_featured_media_url":"https:\/\/eldiariodesanpedro.com.ar\/sitio\/wp-content\/uploads\/2021\/04\/3268901.jpg","jetpack_shortlink":"https:\/\/wp.me\/p6RhLt-nzw","jetpack_sharing_enabled":true,"_links":{"self":[{"href":"https:\/\/eldiariodesanpedro.com.ar\/sitio\/wp-json\/wp\/v2\/posts\/90614","targetHints":{"allow":["GET"]}}],"collection":[{"href":"https:\/\/eldiariodesanpedro.com.ar\/sitio\/wp-json\/wp\/v2\/posts"}],"about":[{"href":"https:\/\/eldiariodesanpedro.com.ar\/sitio\/wp-json\/wp\/v2\/types\/post"}],"author":[{"embeddable":true,"href":"https:\/\/eldiariodesanpedro.com.ar\/sitio\/wp-json\/wp\/v2\/users\/4"}],"replies":[{"embeddable":true,"href":"https:\/\/eldiariodesanpedro.com.ar\/sitio\/wp-json\/wp\/v2\/comments?post=90614"}],"version-history":[{"count":1,"href":"https:\/\/eldiariodesanpedro.com.ar\/sitio\/wp-json\/wp\/v2\/posts\/90614\/revisions"}],"predecessor-version":[{"id":90616,"href":"https:\/\/eldiariodesanpedro.com.ar\/sitio\/wp-json\/wp\/v2\/posts\/90614\/revisions\/90616"}],"wp:featuredmedia":[{"embeddable":true,"href":"https:\/\/eldiariodesanpedro.com.ar\/sitio\/wp-json\/wp\/v2\/media\/90615"}],"wp:attachment":[{"href":"https:\/\/eldiariodesanpedro.com.ar\/sitio\/wp-json\/wp\/v2\/media?parent=90614"}],"wp:term":[{"taxonomy":"category","embeddable":true,"href":"https:\/\/eldiariodesanpedro.com.ar\/sitio\/wp-json\/wp\/v2\/categories?post=90614"},{"taxonomy":"post_tag","embeddable":true,"href":"https:\/\/eldiariodesanpedro.com.ar\/sitio\/wp-json\/wp\/v2\/tags?post=90614"}],"curies":[{"name":"wp","href":"https:\/\/api.w.org\/{rel}","templated":true}]}}