{"id":90611,"date":"2021-04-08T12:43:05","date_gmt":"2021-04-08T15:43:05","guid":{"rendered":"https:\/\/eldiariodesanpedro.com.ar\/sitio\/?p=90611"},"modified":"2021-04-08T14:15:05","modified_gmt":"2021-04-08T17:15:05","slug":"baradero-denuncio-que-le-robaron-la-moto-la-policia-la-buscaba-hasta-en-san-pedro-y-se-la-habia-olvidado-estacionada","status":"publish","type":"post","link":"https:\/\/eldiariodesanpedro.com.ar\/sitio\/baradero-denuncio-que-le-robaron-la-moto-la-policia-la-buscaba-hasta-en-san-pedro-y-se-la-habia-olvidado-estacionada\/","title":{"rendered":"BARADERO | Denuncio que le robaron la moto, la polic\u00eda la buscaba hasta en San Pedro y se la hab\u00eda olvidado estacionada"},"content":{"rendered":"<!-- VideographyWP Plugin Message: Automatic video embedding prevented by plugin options. -->\n\n<p>El propietario de la moto que ayer denunci\u00f3 a efectivos policiales como robada en cercan\u00edas de plaza Mitre (San Martin y Santa Mar\u00eda de Oro), fue localizado v\u00eda facebook por los efectivos, para que radicar\u00e1 , la denuncia. <\/p>\n\n\n\n<p>La polic\u00eda busc\u00f3 la moto por todos lados hasta en la vecina localidad de San Pedro.<\/p>\n\n\n\n<p>El supuesto damnificado informa que el rodado \u00abNO FUE ROBADO\u00bb, se confundi\u00f3 y la dejo en la esquina de ORO Y ANCHORENA pero luego de recordar donde la hab\u00eda habr\u00eda dejado la encontr\u00f3 \u00abse fue a trabajar\u00bb mientras la polic\u00eda segu\u00eda buscando el rodado por toda la ciudad. <\/p>\n\n\n\n<p>El propietario desmiente no haber dado aviso del error.<\/p>\n\n\n\n<p>Fuente: Fm Tiempo Baradero<\/p>\n","protected":false},"excerpt":{"rendered":"<p>El propietario de la moto que ayer denunci\u00f3 a efectivos policiales como robada en cercan\u00edas de plaza Mitre (San Martin y Santa Mar\u00eda de Oro), fue localizado v\u00eda facebook por los efectivos, para que radicar\u00e1 , la denuncia. La polic\u00eda busc\u00f3 la moto por todos lados hasta en la vecina localidad de San Pedro. El [&hellip;]<\/p>\n","protected":false},"author":4,"featured_media":90612,"comment_status":"open","ping_status":"closed","sticky":false,"template":"","format":"standard","meta":{"om_disable_all_campaigns":false,"_jetpack_memberships_contains_paid_content":false,"footnotes":""},"categories":[621],"tags":[],"class_list":["post-90611","post","type-post","status-publish","format-standard","has-post-thumbnail","hentry","category-regionales"],"aioseo_notices":[],"gutentor_comment":0,"jetpack_featured_media_url":"https:\/\/eldiariodesanpedro.com.ar\/sitio\/wp-content\/uploads\/2021\/04\/171656967_1674364342751562_6031550957699373487_n.jpg","jetpack_shortlink":"https:\/\/wp.me\/p6RhLt-nzt","jetpack_sharing_enabled":true,"_links":{"self":[{"href":"https:\/\/eldiariodesanpedro.com.ar\/sitio\/wp-json\/wp\/v2\/posts\/90611","targetHints":{"allow":["GET"]}}],"collection":[{"href":"https:\/\/eldiariodesanpedro.com.ar\/sitio\/wp-json\/wp\/v2\/posts"}],"about":[{"href":"https:\/\/eldiariodesanpedro.com.ar\/sitio\/wp-json\/wp\/v2\/types\/post"}],"author":[{"embeddable":true,"href":"https:\/\/eldiariodesanpedro.com.ar\/sitio\/wp-json\/wp\/v2\/users\/4"}],"replies":[{"embeddable":true,"href":"https:\/\/eldiariodesanpedro.com.ar\/sitio\/wp-json\/wp\/v2\/comments?post=90611"}],"version-history":[{"count":2,"href":"https:\/\/eldiariodesanpedro.com.ar\/sitio\/wp-json\/wp\/v2\/posts\/90611\/revisions"}],"predecessor-version":[{"id":90626,"href":"https:\/\/eldiariodesanpedro.com.ar\/sitio\/wp-json\/wp\/v2\/posts\/90611\/revisions\/90626"}],"wp:featuredmedia":[{"embeddable":true,"href":"https:\/\/eldiariodesanpedro.com.ar\/sitio\/wp-json\/wp\/v2\/media\/90612"}],"wp:attachment":[{"href":"https:\/\/eldiariodesanpedro.com.ar\/sitio\/wp-json\/wp\/v2\/media?parent=90611"}],"wp:term":[{"taxonomy":"category","embeddable":true,"href":"https:\/\/eldiariodesanpedro.com.ar\/sitio\/wp-json\/wp\/v2\/categories?post=90611"},{"taxonomy":"post_tag","embeddable":true,"href":"https:\/\/eldiariodesanpedro.com.ar\/sitio\/wp-json\/wp\/v2\/tags?post=90611"}],"curies":[{"name":"wp","href":"https:\/\/api.w.org\/{rel}","templated":true}]}}