{"id":90608,"date":"2021-04-08T12:35:48","date_gmt":"2021-04-08T15:35:48","guid":{"rendered":"https:\/\/eldiariodesanpedro.com.ar\/sitio\/?p=90608"},"modified":"2021-04-08T12:35:52","modified_gmt":"2021-04-08T15:35:52","slug":"zarate-se-incendio-un-colectivo-en-la-ruta-9","status":"publish","type":"post","link":"https:\/\/eldiariodesanpedro.com.ar\/sitio\/zarate-se-incendio-un-colectivo-en-la-ruta-9\/","title":{"rendered":"Z\u00c1RATE | Se incendi\u00f3 un colectivo en la ruta 9"},"content":{"rendered":"<!-- VideographyWP Plugin Message: Automatic video embedding prevented by plugin options. -->\n\n<p><strong>Ocurri\u00f3 esta noche en el km 73 de la Panamericano sentido a Provincia. Se trata de un colectivo local de la l\u00ednea 6 de Julio que circulaba sin pasajeros.<\/strong><\/p>\n\n\n\n<p>En pleno movimiento el conductor detect\u00f3 el fuego y se detuvo apenas pasando el puente de barrio Lubo de Campana. Al lugar acudieron bomberos voluntarios y m\u00f3viles policiales, en tanto que las p\u00e9rdidas fueron totales.<\/p>\n\n\n\n<p>Fuente: impacto local<\/p>\n","protected":false},"excerpt":{"rendered":"<p>Ocurri\u00f3 esta noche en el km 73 de la Panamericano sentido a Provincia. Se trata de un colectivo local de la l\u00ednea 6 de Julio que circulaba sin pasajeros. En pleno movimiento el conductor detect\u00f3 el fuego y se detuvo apenas pasando el puente de barrio Lubo de Campana. Al lugar acudieron bomberos voluntarios y [&hellip;]<\/p>\n","protected":false},"author":4,"featured_media":90609,"comment_status":"open","ping_status":"closed","sticky":false,"template":"","format":"standard","meta":{"om_disable_all_campaigns":false,"_jetpack_memberships_contains_paid_content":false,"footnotes":""},"categories":[621],"tags":[],"class_list":["post-90608","post","type-post","status-publish","format-standard","has-post-thumbnail","hentry","category-regionales"],"aioseo_notices":[],"gutentor_comment":0,"jetpack_featured_media_url":"https:\/\/eldiariodesanpedro.com.ar\/sitio\/wp-content\/uploads\/2021\/04\/colectivo-incendio-campana-1.jpg","jetpack_shortlink":"https:\/\/wp.me\/p6RhLt-nzq","jetpack_sharing_enabled":true,"_links":{"self":[{"href":"https:\/\/eldiariodesanpedro.com.ar\/sitio\/wp-json\/wp\/v2\/posts\/90608","targetHints":{"allow":["GET"]}}],"collection":[{"href":"https:\/\/eldiariodesanpedro.com.ar\/sitio\/wp-json\/wp\/v2\/posts"}],"about":[{"href":"https:\/\/eldiariodesanpedro.com.ar\/sitio\/wp-json\/wp\/v2\/types\/post"}],"author":[{"embeddable":true,"href":"https:\/\/eldiariodesanpedro.com.ar\/sitio\/wp-json\/wp\/v2\/users\/4"}],"replies":[{"embeddable":true,"href":"https:\/\/eldiariodesanpedro.com.ar\/sitio\/wp-json\/wp\/v2\/comments?post=90608"}],"version-history":[{"count":1,"href":"https:\/\/eldiariodesanpedro.com.ar\/sitio\/wp-json\/wp\/v2\/posts\/90608\/revisions"}],"predecessor-version":[{"id":90610,"href":"https:\/\/eldiariodesanpedro.com.ar\/sitio\/wp-json\/wp\/v2\/posts\/90608\/revisions\/90610"}],"wp:featuredmedia":[{"embeddable":true,"href":"https:\/\/eldiariodesanpedro.com.ar\/sitio\/wp-json\/wp\/v2\/media\/90609"}],"wp:attachment":[{"href":"https:\/\/eldiariodesanpedro.com.ar\/sitio\/wp-json\/wp\/v2\/media?parent=90608"}],"wp:term":[{"taxonomy":"category","embeddable":true,"href":"https:\/\/eldiariodesanpedro.com.ar\/sitio\/wp-json\/wp\/v2\/categories?post=90608"},{"taxonomy":"post_tag","embeddable":true,"href":"https:\/\/eldiariodesanpedro.com.ar\/sitio\/wp-json\/wp\/v2\/tags?post=90608"}],"curies":[{"name":"wp","href":"https:\/\/api.w.org\/{rel}","templated":true}]}}