{"id":90606,"date":"2021-04-08T12:02:43","date_gmt":"2021-04-08T15:02:43","guid":{"rendered":"https:\/\/eldiariodesanpedro.com.ar\/sitio\/?p=90606"},"modified":"2021-04-08T12:02:47","modified_gmt":"2021-04-08T15:02:47","slug":"coronavirus-se-recibieron-41-resultados-negativos-y-14-positivos-los-activos-son-102-y-ya-se-comienza-a-ver-la-segunda-ola","status":"publish","type":"post","link":"https:\/\/eldiariodesanpedro.com.ar\/sitio\/coronavirus-se-recibieron-41-resultados-negativos-y-14-positivos-los-activos-son-102-y-ya-se-comienza-a-ver-la-segunda-ola\/","title":{"rendered":"Coronavirus: Se recibieron 41 resultados negativos y 14 positivos, los activos son 102 y ya se comienza a ver la segunda ola"},"content":{"rendered":"<!-- VideographyWP Plugin Message: Automatic video embedding prevented by plugin options. -->\n\n<p>La Secretar\u00eda de Salud de la Municipalidad de San Pedro brinda el informe que acompa\u00f1a la placa del d\u00eda de la fecha, en el seguimiento de la Pandemia de Covid-19.<\/p>\n\n\n\n<p>Se recibieron los resultados del \u00faltimo env\u00edo de muestras con 41 negativos y 14 positivos. Se enviaron 48 nuevas muestras para ser analizadas. Cuando se reciban los resultados ser\u00e1n comunicados. Quedan pendientes 10 muestras de env\u00edos anteriores.<\/p>\n\n\n\n<p>Los positivos est\u00e1n divididos en:<br>Seis mujeres de 15, 19, 34, 49, 56 y 90 a\u00f1os.<br>Ocho hombres de 18, 22, 32, 42, 49, 52, 66 y 75 a\u00f1os.<\/p>\n\n\n\n<p>Se informaron los fallecimientos de la Sra. Normanda Luc\u00eda Mascimo de 90 a\u00f1os y del Sr. Jorge Escobar de 60 a\u00f1os, internados con COVID 19 positivo.<\/p>\n\n\n\n<p>Resumen actualizado de informaci\u00f3n oficial<br>Positivos desde el inicio de la Pandemia: 2586<br>Activos: 102<br>Recuperados: 2397<br>Fallecidos: 87<br>Negativos desde el inicio de la Pandemia: 4127<\/p>\n\n\n\n<p>Los datos consignados en este informe corresponden a casos analizados a trav\u00e9s hisopados realizados en los \u00abconsultorios amarillos\u00bb analizados por el Laboratorio Central Lab y testeos r\u00e1pidos efectuados en el Laboratorio del Hospital.<\/p>\n\n\n\n<p>&#x1f449; Usar tapabocas.<br>&#x1f449; Mantener la distancia m\u00ednima de 2 metros.<br>&#x1f449; Extremar la higiene de los espacios.<br>&#x1f449; Mantener las manos limpias.<\/p>\n\n\n\n<p>Se recuerda que, ante s\u00edntomas de tos seca, fiebre y dolor de garganta se puede llamar al 148 o 107.<\/p>\n","protected":false},"excerpt":{"rendered":"<p>La Secretar\u00eda de Salud de la Municipalidad de San Pedro brinda el informe que acompa\u00f1a la placa del d\u00eda de la fecha, en el seguimiento de la Pandemia de Covid-19. Se recibieron los resultados del \u00faltimo env\u00edo de muestras con 41 negativos y 14 positivos. Se enviaron 48 nuevas muestras para ser analizadas. Cuando se [&hellip;]<\/p>\n","protected":false},"author":4,"featured_media":75824,"comment_status":"open","ping_status":"closed","sticky":false,"template":"","format":"standard","meta":{"om_disable_all_campaigns":false,"_jetpack_memberships_contains_paid_content":false,"footnotes":""},"categories":[50,101,2],"tags":[],"class_list":["post-90606","post","type-post","status-publish","format-standard","has-post-thumbnail","hentry","category-destacadas","category-interes-general-locales","category-locales"],"aioseo_notices":[],"gutentor_comment":0,"jetpack_featured_media_url":"https:\/\/eldiariodesanpedro.com.ar\/sitio\/wp-content\/uploads\/2020\/06\/coronavirus-2_124fd4e7k7j5f1lzjl9z2tf65c.jpg","jetpack_shortlink":"https:\/\/wp.me\/p6RhLt-nzo","jetpack_sharing_enabled":true,"_links":{"self":[{"href":"https:\/\/eldiariodesanpedro.com.ar\/sitio\/wp-json\/wp\/v2\/posts\/90606","targetHints":{"allow":["GET"]}}],"collection":[{"href":"https:\/\/eldiariodesanpedro.com.ar\/sitio\/wp-json\/wp\/v2\/posts"}],"about":[{"href":"https:\/\/eldiariodesanpedro.com.ar\/sitio\/wp-json\/wp\/v2\/types\/post"}],"author":[{"embeddable":true,"href":"https:\/\/eldiariodesanpedro.com.ar\/sitio\/wp-json\/wp\/v2\/users\/4"}],"replies":[{"embeddable":true,"href":"https:\/\/eldiariodesanpedro.com.ar\/sitio\/wp-json\/wp\/v2\/comments?post=90606"}],"version-history":[{"count":1,"href":"https:\/\/eldiariodesanpedro.com.ar\/sitio\/wp-json\/wp\/v2\/posts\/90606\/revisions"}],"predecessor-version":[{"id":90607,"href":"https:\/\/eldiariodesanpedro.com.ar\/sitio\/wp-json\/wp\/v2\/posts\/90606\/revisions\/90607"}],"wp:featuredmedia":[{"embeddable":true,"href":"https:\/\/eldiariodesanpedro.com.ar\/sitio\/wp-json\/wp\/v2\/media\/75824"}],"wp:attachment":[{"href":"https:\/\/eldiariodesanpedro.com.ar\/sitio\/wp-json\/wp\/v2\/media?parent=90606"}],"wp:term":[{"taxonomy":"category","embeddable":true,"href":"https:\/\/eldiariodesanpedro.com.ar\/sitio\/wp-json\/wp\/v2\/categories?post=90606"},{"taxonomy":"post_tag","embeddable":true,"href":"https:\/\/eldiariodesanpedro.com.ar\/sitio\/wp-json\/wp\/v2\/tags?post=90606"}],"curies":[{"name":"wp","href":"https:\/\/api.w.org\/{rel}","templated":true}]}}