{"id":90591,"date":"2021-04-08T10:50:28","date_gmt":"2021-04-08T13:50:28","guid":{"rendered":"https:\/\/eldiariodesanpedro.com.ar\/sitio\/?p=90591"},"modified":"2021-04-08T11:20:46","modified_gmt":"2021-04-08T14:20:46","slug":"aviso-importantes-del-plan-de-vacunacion-en-nuestra-ciudad","status":"publish","type":"post","link":"https:\/\/eldiariodesanpedro.com.ar\/sitio\/aviso-importantes-del-plan-de-vacunacion-en-nuestra-ciudad\/","title":{"rendered":"Aviso importantes del Plan de Vacunaci\u00f3n en nuestra ciudad"},"content":{"rendered":"<!-- VideographyWP Plugin Message: Automatic video embedding prevented by plugin options. -->\n\n<p>La Secretar\u00eda de Salud de la Municipalidad de San Pedro y el Grupo Organizador del Plan Vacunaci\u00f3n contra el COVID-19, informan:<\/p>\n\n\n\n<p>-El Plan de Vacunaci\u00f3n NO se suspende por lluvias.<br>&#8211; Debido a que el Ministerio de Salud de la Provincia de Buenos Aires asign\u00f3 50 turnos por hora, pedimos a la ciudadan\u00eda que respete el horario de su turno y no se adelante al mismo.<br>&#8211; Tambi\u00e9n solicitamos que aquellas personas que puedan asistir solas lo hagan sin acompa\u00f1antes.<br>&#8211; Esto con el objetivo de evitar la aglomeraci\u00f3n de personas y as\u00ed nos cuidamos entre todos y todas.<\/p>\n\n\n\n<p>Si todav\u00eda no te registraste lo podes hacer a trav\u00e9s de este enlace. https:\/\/vacunatepba.gba.gob.ar o en los puntos de inscripci\u00f3n. Sobre calle Salta funciona un punto habilitado de 10 a 16. Si las condiciones clim\u00e1ticas lo permiten se instalar\u00e1 oportunamente otro punto en la Plaza Constituci\u00f3n que ser\u00e1 confirmado en breve.<\/p>\n\n\n\n<p>Si ten\u00e9s dudas o consultas podes enviarnos un WhatsApp 3329317575 o mail a vacunatesanpedro@gmail.com.<\/p>\n","protected":false},"excerpt":{"rendered":"<p>La Secretar\u00eda de Salud de la Municipalidad de San Pedro y el Grupo Organizador del Plan Vacunaci\u00f3n contra el COVID-19, informan: -El Plan de Vacunaci\u00f3n NO se suspende por lluvias.&#8211; Debido a que el Ministerio de Salud de la Provincia de Buenos Aires asign\u00f3 50 turnos por hora, pedimos a la ciudadan\u00eda que respete el [&hellip;]<\/p>\n","protected":false},"author":4,"featured_media":90592,"comment_status":"open","ping_status":"closed","sticky":false,"template":"","format":"standard","meta":{"om_disable_all_campaigns":false,"_jetpack_memberships_contains_paid_content":false,"footnotes":""},"categories":[101,2],"tags":[],"class_list":["post-90591","post","type-post","status-publish","format-standard","has-post-thumbnail","hentry","category-interes-general-locales","category-locales"],"aioseo_notices":[],"gutentor_comment":0,"jetpack_featured_media_url":"https:\/\/eldiariodesanpedro.com.ar\/sitio\/wp-content\/uploads\/2021\/04\/WhatsApp-Image-2021-04-08-at-10.47.22.jpeg","jetpack_shortlink":"https:\/\/wp.me\/p6RhLt-nz9","jetpack_sharing_enabled":true,"_links":{"self":[{"href":"https:\/\/eldiariodesanpedro.com.ar\/sitio\/wp-json\/wp\/v2\/posts\/90591","targetHints":{"allow":["GET"]}}],"collection":[{"href":"https:\/\/eldiariodesanpedro.com.ar\/sitio\/wp-json\/wp\/v2\/posts"}],"about":[{"href":"https:\/\/eldiariodesanpedro.com.ar\/sitio\/wp-json\/wp\/v2\/types\/post"}],"author":[{"embeddable":true,"href":"https:\/\/eldiariodesanpedro.com.ar\/sitio\/wp-json\/wp\/v2\/users\/4"}],"replies":[{"embeddable":true,"href":"https:\/\/eldiariodesanpedro.com.ar\/sitio\/wp-json\/wp\/v2\/comments?post=90591"}],"version-history":[{"count":2,"href":"https:\/\/eldiariodesanpedro.com.ar\/sitio\/wp-json\/wp\/v2\/posts\/90591\/revisions"}],"predecessor-version":[{"id":90594,"href":"https:\/\/eldiariodesanpedro.com.ar\/sitio\/wp-json\/wp\/v2\/posts\/90591\/revisions\/90594"}],"wp:featuredmedia":[{"embeddable":true,"href":"https:\/\/eldiariodesanpedro.com.ar\/sitio\/wp-json\/wp\/v2\/media\/90592"}],"wp:attachment":[{"href":"https:\/\/eldiariodesanpedro.com.ar\/sitio\/wp-json\/wp\/v2\/media?parent=90591"}],"wp:term":[{"taxonomy":"category","embeddable":true,"href":"https:\/\/eldiariodesanpedro.com.ar\/sitio\/wp-json\/wp\/v2\/categories?post=90591"},{"taxonomy":"post_tag","embeddable":true,"href":"https:\/\/eldiariodesanpedro.com.ar\/sitio\/wp-json\/wp\/v2\/tags?post=90591"}],"curies":[{"name":"wp","href":"https:\/\/api.w.org\/{rel}","templated":true}]}}