{"id":90589,"date":"2021-04-08T10:42:12","date_gmt":"2021-04-08T13:42:12","guid":{"rendered":"https:\/\/eldiariodesanpedro.com.ar\/sitio\/?p=90589"},"modified":"2021-04-08T10:42:18","modified_gmt":"2021-04-08T13:42:18","slug":"san-pedro-que-continua-en-fase-4-las-restriccion-horaria-sera-de-00-a-06","status":"publish","type":"post","link":"https:\/\/eldiariodesanpedro.com.ar\/sitio\/san-pedro-que-continua-en-fase-4-las-restriccion-horaria-sera-de-00-a-06\/","title":{"rendered":"San Pedro que continua en fase 4 las restricci\u00f3n horaria ser\u00e1 de 00 a 06"},"content":{"rendered":"<!-- VideographyWP Plugin Message: Automatic video embedding prevented by plugin options. -->\n\n<p>En la ma\u00f1ana de hoy el Gobernador Axel Kicillof confirm\u00f3 que los Municipios que se encuentran en fase 4, como San Pedro, solo tendr\u00e1n restricciones horarias entre las 0 y las 6.<\/p>\n\n\n\n<p>Por lo que los comercios gastron\u00f3micos tendr\u00e1n la oportunidad de estar abiertos hasta las 00 hs.<\/p>\n\n\n\n<p>De cualquier manera se espera los detalles de otras actividades como gimnasios, deportes colectivos y otros detalles que ser\u00e1n brindados por la municipalidad de San Pedro.<\/p>\n\n\n\n<p>Las ciudades que se encuentran en fase 3 aplicaran cierres mas severos como por ejemplo el cierre de gastronom\u00eda a las 23 y de comercios en general desde las 20. <\/p>\n\n\n\n<p>Nuestra ciudad continua en fase 4 pero en el caso de aumento considerable de casos podr\u00eda pasar a fase 3 y realizar mas restricciones.<\/p>\n","protected":false},"excerpt":{"rendered":"<p>En la ma\u00f1ana de hoy el Gobernador Axel Kicillof confirm\u00f3 que los Municipios que se encuentran en fase 4, como San Pedro, solo tendr\u00e1n restricciones horarias entre las 0 y las 6. Por lo que los comercios gastron\u00f3micos tendr\u00e1n la oportunidad de estar abiertos hasta las 00 hs. De cualquier manera se espera los detalles [&hellip;]<\/p>\n","protected":false},"author":4,"featured_media":89965,"comment_status":"open","ping_status":"closed","sticky":false,"template":"","format":"standard","meta":{"om_disable_all_campaigns":false,"_jetpack_memberships_contains_paid_content":false,"footnotes":""},"categories":[50,101,2],"tags":[],"class_list":["post-90589","post","type-post","status-publish","format-standard","has-post-thumbnail","hentry","category-destacadas","category-interes-general-locales","category-locales"],"aioseo_notices":[],"gutentor_comment":0,"jetpack_featured_media_url":"https:\/\/eldiariodesanpedro.com.ar\/sitio\/wp-content\/uploads\/2021\/03\/bares.jpg","jetpack_shortlink":"https:\/\/wp.me\/p6RhLt-nz7","jetpack_sharing_enabled":true,"_links":{"self":[{"href":"https:\/\/eldiariodesanpedro.com.ar\/sitio\/wp-json\/wp\/v2\/posts\/90589","targetHints":{"allow":["GET"]}}],"collection":[{"href":"https:\/\/eldiariodesanpedro.com.ar\/sitio\/wp-json\/wp\/v2\/posts"}],"about":[{"href":"https:\/\/eldiariodesanpedro.com.ar\/sitio\/wp-json\/wp\/v2\/types\/post"}],"author":[{"embeddable":true,"href":"https:\/\/eldiariodesanpedro.com.ar\/sitio\/wp-json\/wp\/v2\/users\/4"}],"replies":[{"embeddable":true,"href":"https:\/\/eldiariodesanpedro.com.ar\/sitio\/wp-json\/wp\/v2\/comments?post=90589"}],"version-history":[{"count":1,"href":"https:\/\/eldiariodesanpedro.com.ar\/sitio\/wp-json\/wp\/v2\/posts\/90589\/revisions"}],"predecessor-version":[{"id":90590,"href":"https:\/\/eldiariodesanpedro.com.ar\/sitio\/wp-json\/wp\/v2\/posts\/90589\/revisions\/90590"}],"wp:featuredmedia":[{"embeddable":true,"href":"https:\/\/eldiariodesanpedro.com.ar\/sitio\/wp-json\/wp\/v2\/media\/89965"}],"wp:attachment":[{"href":"https:\/\/eldiariodesanpedro.com.ar\/sitio\/wp-json\/wp\/v2\/media?parent=90589"}],"wp:term":[{"taxonomy":"category","embeddable":true,"href":"https:\/\/eldiariodesanpedro.com.ar\/sitio\/wp-json\/wp\/v2\/categories?post=90589"},{"taxonomy":"post_tag","embeddable":true,"href":"https:\/\/eldiariodesanpedro.com.ar\/sitio\/wp-json\/wp\/v2\/tags?post=90589"}],"curies":[{"name":"wp","href":"https:\/\/api.w.org\/{rel}","templated":true}]}}