{"id":90586,"date":"2021-04-08T10:21:34","date_gmt":"2021-04-08T13:21:34","guid":{"rendered":"https:\/\/eldiariodesanpedro.com.ar\/sitio\/?p=90586"},"modified":"2021-04-08T10:21:38","modified_gmt":"2021-04-08T13:21:38","slug":"el-gobernador-explico-las-restricciones-para-la-provincia","status":"publish","type":"post","link":"https:\/\/eldiariodesanpedro.com.ar\/sitio\/el-gobernador-explico-las-restricciones-para-la-provincia\/","title":{"rendered":"El gobernador explico las restricciones para la provincia"},"content":{"rendered":"<!-- VideographyWP Plugin Message: Automatic video embedding prevented by plugin options. -->\n\n<p>Kicillof reconoci\u00f3 en conferencia de prensa que \u00abtenemos 90% de ocupaci\u00f3n en terapias intensivas. Corremos el peligro que se sature el sistema sanitario.\u00bb, y llam\u00f3 a \u00abparar el crecimiento de los contagios\u00bb.<\/p>\n\n\n\n<p>Adem\u00e1s, anunci\u00f3 que van a reforzar las partidas del ministerio de Desarrollo a los municipios.&nbsp;<\/p>\n\n\n\n<p><strong>Las nuevas medidas\u00a0de acuerdo a las Fases.<\/strong><br><strong>Fase 5<\/strong>, restricci\u00f3n horaria de las 2 a las 6<br><strong>Fase 4<\/strong>, restricci\u00f3n horaria de las 0 a las 6<br><strong>Fase 3<\/strong>, restricci\u00f3n horaria de las 23 a las 6, <strong>Cierre de comercios en general\u00a0<\/strong>desde las 20 a las 6 y prohibici\u00f3n de circular a partir de las 0 horas<br><strong>Libre estacionamiento en las zonas c\u00e9ntricas<\/strong><\/p>\n\n\n\n<p>Pasamos de 2500 casos en promedio a m\u00e1s de 6 mil, y ayer se bati\u00f3 un r\u00e9cord llegando a los 10 mil casos\u00bb.<br>\u00abHubo un trabajo responsable y colectivo, pero no puedo dejar de agradecerle a nuestro presidente, que siempre priorizo la salud de los argentinos\u00bb.<\/p>\n\n\n\n<p>\u00abNo hay pa\u00eds donde no se hayan tomado medidas duras\u00bb, afirm\u00f3 y remarc\u00f3 que&nbsp;\u00abChile, Colombia, Ecuador, toque de queda nocturno, Uruguay cerr\u00f3 escuelas y administraci\u00f3n p\u00fablica, no es agradable pero se toman medidas duras\u00bb.<\/p>\n\n\n\n<p>\u00abNo est\u00e1 en juego la libertad individual, hay una grave crisis\u00bb, \u00bfQui\u00e9n tiene derecho ano cuidarse y contagiar a otro?\u00bb \u00abLa forma de cuidarse es restringirse y tomar medidas de precauci\u00f3n personal\u00bb.<\/p>\n\n\n\n<p>\u00abAyer en la jurisdicci\u00f3n m\u00e1s grande de la provincia vacunamos 80 mil personas\u00bb, dijo.<\/p>\n\n\n\n<p>A su vez, sostuvo que \u00abvean lo que est\u00e1 pasando, se lucha una guerra, con trabajadores que dejan todo, con todos los mecanismos de protecci\u00f3n para salvar esas vidas.<\/p>\n\n\n\n<p>Tambie, lanz\u00f3 que \u00aby<strong>a paso que mientras algunos luchaban una guerra otros hac\u00edan que no pasaba nada\u00bb.<\/strong><\/p>\n\n\n\n<p>\u00abMas all\u00e1\u00a0de la bandera pol\u00edtica agradezco a los 135 intendentes bonaerenses, con much\u00edsimos de cada uno logramos coordinar y poner en funcionamiento una provincia que recibimos devastada, con un sistema de salud y productivo deteriorado\u00bb, afirm\u00f3.<\/p>\n","protected":false},"excerpt":{"rendered":"<p>Kicillof reconoci\u00f3 en conferencia de prensa que \u00abtenemos 90% de ocupaci\u00f3n en terapias intensivas. Corremos el peligro que se sature el sistema sanitario.\u00bb, y llam\u00f3 a \u00abparar el crecimiento de los contagios\u00bb. Adem\u00e1s, anunci\u00f3 que van a reforzar las partidas del ministerio de Desarrollo a los municipios.&nbsp; Las nuevas medidas\u00a0de acuerdo a las Fases.Fase 5, [&hellip;]<\/p>\n","protected":false},"author":4,"featured_media":90587,"comment_status":"open","ping_status":"closed","sticky":false,"template":"","format":"standard","meta":{"om_disable_all_campaigns":false,"_jetpack_memberships_contains_paid_content":false,"footnotes":""},"categories":[621],"tags":[],"class_list":["post-90586","post","type-post","status-publish","format-standard","has-post-thumbnail","hentry","category-regionales"],"aioseo_notices":[],"gutentor_comment":0,"jetpack_featured_media_url":"https:\/\/eldiariodesanpedro.com.ar\/sitio\/wp-content\/uploads\/2021\/04\/126690_3.jpg","jetpack_shortlink":"https:\/\/wp.me\/p6RhLt-nz4","jetpack_sharing_enabled":true,"_links":{"self":[{"href":"https:\/\/eldiariodesanpedro.com.ar\/sitio\/wp-json\/wp\/v2\/posts\/90586","targetHints":{"allow":["GET"]}}],"collection":[{"href":"https:\/\/eldiariodesanpedro.com.ar\/sitio\/wp-json\/wp\/v2\/posts"}],"about":[{"href":"https:\/\/eldiariodesanpedro.com.ar\/sitio\/wp-json\/wp\/v2\/types\/post"}],"author":[{"embeddable":true,"href":"https:\/\/eldiariodesanpedro.com.ar\/sitio\/wp-json\/wp\/v2\/users\/4"}],"replies":[{"embeddable":true,"href":"https:\/\/eldiariodesanpedro.com.ar\/sitio\/wp-json\/wp\/v2\/comments?post=90586"}],"version-history":[{"count":1,"href":"https:\/\/eldiariodesanpedro.com.ar\/sitio\/wp-json\/wp\/v2\/posts\/90586\/revisions"}],"predecessor-version":[{"id":90588,"href":"https:\/\/eldiariodesanpedro.com.ar\/sitio\/wp-json\/wp\/v2\/posts\/90586\/revisions\/90588"}],"wp:featuredmedia":[{"embeddable":true,"href":"https:\/\/eldiariodesanpedro.com.ar\/sitio\/wp-json\/wp\/v2\/media\/90587"}],"wp:attachment":[{"href":"https:\/\/eldiariodesanpedro.com.ar\/sitio\/wp-json\/wp\/v2\/media?parent=90586"}],"wp:term":[{"taxonomy":"category","embeddable":true,"href":"https:\/\/eldiariodesanpedro.com.ar\/sitio\/wp-json\/wp\/v2\/categories?post=90586"},{"taxonomy":"post_tag","embeddable":true,"href":"https:\/\/eldiariodesanpedro.com.ar\/sitio\/wp-json\/wp\/v2\/tags?post=90586"}],"curies":[{"name":"wp","href":"https:\/\/api.w.org\/{rel}","templated":true}]}}