{"id":90579,"date":"2021-04-08T09:39:48","date_gmt":"2021-04-08T12:39:48","guid":{"rendered":"https:\/\/eldiariodesanpedro.com.ar\/sitio\/?p=90579"},"modified":"2021-04-08T09:54:42","modified_gmt":"2021-04-08T12:54:42","slug":"alerta-naranja-por-tormentas-para-san-pedro-y-la-zona","status":"publish","type":"post","link":"https:\/\/eldiariodesanpedro.com.ar\/sitio\/alerta-naranja-por-tormentas-para-san-pedro-y-la-zona\/","title":{"rendered":"Alerta Naranja por tormentas para San Pedro y la zona"},"content":{"rendered":"<!-- VideographyWP Plugin Message: Automatic video embedding prevented by plugin options. -->\n\n<p><strong>Este jueves el SMN emiti\u00f3 un alerta meteorol\u00f3gico nivel naranja por tormentas fuertes para la capital bonaerense y el resto del AMBA. Afecta a San Pedro y la zona.<\/strong><\/p>\n\n\n\n<p>Este jueves el Servicio Meteorol\u00f3gico Nacional (SMN) emiti\u00f3 un&nbsp;<strong>alerta meteorol\u00f3gico&nbsp;<\/strong>de nivel de riesgo naranja y otro amarillo para la provincia de Buenos Aires. Seg\u00fan indic\u00f3 en su sistema de alerta temprana, se espera una jornada con&nbsp;tormentas&nbsp;fuertes y lluvias de gran magnitud.<\/p>\n\n\n\n<p>El \u00c1rea Metropolitana de Buenos Aires (AMBA), junto a otros municipios bonaerenses, entr\u00f3 esta ma\u00f1ana en una&nbsp;alerta&nbsp;naranja. Se ver\u00e1n afectadas las siguientes ciudades:<\/p>\n\n\n\n<p>Baradero \u2013 Ramallo \u2013 San Nicol\u00e1s \u2013 San Pedro- Arrecifes \u2013 Capit\u00e1n Sarmiento \u2013 Carmen de Areco \u2013 Chacabuco \u2013 Col\u00f3n \u2013 General Arenales \u2013 General Pinto \u2013 Jun\u00edn \u2013 Leandro N. Alem \u2013 Lincoln \u2013 Pergamino \u2013 Rojas \u2013 Salto \u2013 Alberti \u2013 Bragado \u2013 Chivilcoy \u2013 General Viamonte \u2013 Nueve de Julio \u2013 Veinticinco de Mayo- Campana \u2013 Exaltaci\u00f3n de la Cruz \u2013 San Antonio de Areco \u2013 Z\u00e1rate- Escobar \u2013 San Fernando \u2013 San Isidro \u2013 Tigre \u2013 Vicente L\u00f3pez- General San Mart\u00edn \u2013 Hurlingham \u2013 Ituzaing\u00f3 \u2013 Jose C. Paz \u2013 Malvinas Argentinas \u2013 Moreno \u2013 Mor\u00f3n \u2013 Pilar \u2013 San Miguel \u2013 Tres de Febrero- Almirante Brown \u2013 Avellaneda \u2013 Berazategui \u2013 Florencio Varela \u2013 Lan\u00fas \u2013 Lomas de Zamora \u2013 Presidente Per\u00f3n \u2013 Quilmes- Berisso \u2013 Ensenada \u2013 La Plata- Brandsen \u2013 Ca\u00f1uelas \u2013 Oeste de Magdalena \u2013 San Vicente- General Alvear \u2013 General Belgrano \u2013 General Paz \u2013 Las Flores \u2013 Lobos \u2013 Monte \u2013 Navarro \u2013 Roque P\u00e9rez \u2013 Saladillo.<\/p>\n\n\n\n<h5 class=\"wp-block-heading\"><strong>\u00bfQu\u00e9 significa alerta naranja y qu\u00e9 se debe hacer?<\/strong><\/h5>\n\n\n\n<p>Seg\u00fan el SMN, el alerta naranja se emite cuando el \u00e1rea ser\u00e1 afectada por lluvias y tormentas, algunas fuertes o localmente severas. IIncluso, el organismo advirti\u00f3 que podr\u00edan estar acompa\u00f1adas por intensa actividad el\u00e9ctrica, r\u00e1fagas muy fuertes, ca\u00edda de granizo, y abundante ca\u00edda de agua: se esperan valores de precipitaci\u00f3n acumulada entre 60 y 90 mil\u00edmetros, pudiendo ser superados de manera puntual.<\/p>\n\n\n\n<p>Para el resto de la Provincia, rige por estas horas un alerta nivel amarillo por tormentas. El \u00e1rea ser\u00e1 afectada por lluvias y tormentas de variada intensidad, algunas fuertes. Las mismas pueden estar acompa\u00f1adas por importante actividad el\u00e9ctrica, r\u00e1fagas intensas, ca\u00edda de granizo y principalmente abundante ca\u00edda de agua en cortos per\u00edodos. Se esperan valores de precipitaci\u00f3n acumulada entre 40 y 70 mm, pudiendo ser superados de forma puntual.<\/p>\n\n\n\n<p>Ante el alerta naranja, el SMN recomienda\u00a0en su sistema de alertas:<br>1- Permanec\u00e9 en construcciones cerradas como casas, escuelas o edificios.<br>2- Mantenete alejado de artefactos el\u00e9ctricos y evit\u00e1 el uso de tel\u00e9fonos con cable.<br>3- Si est\u00e1s viajando, quedate en el interior del veh\u00edculo. Los autom\u00f3viles ofrecen una excelente protecci\u00f3n.<br>4- Evit\u00e1 circular por calles inundadas o afectadas.<br>5- Si hay riesgo de que el agua ingrese en tu casa, cort\u00e1 el suministro el\u00e9ctrico.<br>6- En caso de que vos o alguien m\u00e1s se vea afectado por este fen\u00f3meno, comunicate con los organismos de emergencias locales. Ten\u00e9 siempre lista una mochila de emergencias con linterna, radio, documentos y tel\u00e9fono.<\/p>\n\n\n\n<figure class=\"wp-block-image size-large\"><img decoding=\"async\" width=\"1002\" height=\"563\" data-attachment-id=\"90582\" data-permalink=\"https:\/\/eldiariodesanpedro.com.ar\/sitio\/alerta-naranja-por-tormentas-para-san-pedro-y-la-zona\/2021-04-08\/\" data-orig-file=\"https:\/\/eldiariodesanpedro.com.ar\/sitio\/wp-content\/uploads\/2021\/04\/2021-04-08.png\" data-orig-size=\"1002,563\" data-comments-opened=\"1\" data-image-meta=\"{&quot;aperture&quot;:&quot;0&quot;,&quot;credit&quot;:&quot;&quot;,&quot;camera&quot;:&quot;&quot;,&quot;caption&quot;:&quot;&quot;,&quot;created_timestamp&quot;:&quot;0&quot;,&quot;copyright&quot;:&quot;&quot;,&quot;focal_length&quot;:&quot;0&quot;,&quot;iso&quot;:&quot;0&quot;,&quot;shutter_speed&quot;:&quot;0&quot;,&quot;title&quot;:&quot;&quot;,&quot;orientation&quot;:&quot;0&quot;}\" data-image-title=\"2021-04-08\" data-image-description=\"\" data-image-caption=\"\" data-large-file=\"https:\/\/eldiariodesanpedro.com.ar\/sitio\/wp-content\/uploads\/2021\/04\/2021-04-08.png\" data-src=\"https:\/\/eldiariodesanpedro.com.ar\/sitio\/wp-content\/uploads\/2021\/04\/2021-04-08.png\" alt=\"\" class=\"wp-image-90582 lazyload\" data-srcset=\"https:\/\/eldiariodesanpedro.com.ar\/sitio\/wp-content\/uploads\/2021\/04\/2021-04-08.png 1002w, https:\/\/eldiariodesanpedro.com.ar\/sitio\/wp-content\/uploads\/2021\/04\/2021-04-08-300x169.png 300w, https:\/\/eldiariodesanpedro.com.ar\/sitio\/wp-content\/uploads\/2021\/04\/2021-04-08-768x432.png 768w, https:\/\/eldiariodesanpedro.com.ar\/sitio\/wp-content\/uploads\/2021\/04\/2021-04-08-800x450.png 800w\" data-sizes=\"(max-width: 1002px) 100vw, 1002px\" src=\"data:image\/svg+xml;base64,PHN2ZyB3aWR0aD0iMSIgaGVpZ2h0PSIxIiB4bWxucz0iaHR0cDovL3d3dy53My5vcmcvMjAwMC9zdmciPjwvc3ZnPg==\" style=\"--smush-placeholder-width: 1002px; --smush-placeholder-aspect-ratio: 1002\/563;\" \/><\/figure>\n","protected":false},"excerpt":{"rendered":"<p>Este jueves el SMN emiti\u00f3 un alerta meteorol\u00f3gico nivel naranja por tormentas fuertes para la capital bonaerense y el resto del AMBA. Afecta a San Pedro y la zona. Este jueves el Servicio Meteorol\u00f3gico Nacional (SMN) emiti\u00f3 un&nbsp;alerta meteorol\u00f3gico&nbsp;de nivel de riesgo naranja y otro amarillo para la provincia de Buenos Aires. Seg\u00fan indic\u00f3 en [&hellip;]<\/p>\n","protected":false},"author":4,"featured_media":90580,"comment_status":"open","ping_status":"closed","sticky":false,"template":"","format":"standard","meta":{"om_disable_all_campaigns":false,"_jetpack_memberships_contains_paid_content":false,"footnotes":""},"categories":[50,101,2],"tags":[],"class_list":["post-90579","post","type-post","status-publish","format-standard","has-post-thumbnail","hentry","category-destacadas","category-interes-general-locales","category-locales"],"aioseo_notices":[],"gutentor_comment":0,"jetpack_featured_media_url":"https:\/\/eldiariodesanpedro.com.ar\/sitio\/wp-content\/uploads\/2021\/04\/5c3f22e078dcc_1004x565.jpg","jetpack_shortlink":"https:\/\/wp.me\/p6RhLt-nyX","jetpack_sharing_enabled":true,"_links":{"self":[{"href":"https:\/\/eldiariodesanpedro.com.ar\/sitio\/wp-json\/wp\/v2\/posts\/90579","targetHints":{"allow":["GET"]}}],"collection":[{"href":"https:\/\/eldiariodesanpedro.com.ar\/sitio\/wp-json\/wp\/v2\/posts"}],"about":[{"href":"https:\/\/eldiariodesanpedro.com.ar\/sitio\/wp-json\/wp\/v2\/types\/post"}],"author":[{"embeddable":true,"href":"https:\/\/eldiariodesanpedro.com.ar\/sitio\/wp-json\/wp\/v2\/users\/4"}],"replies":[{"embeddable":true,"href":"https:\/\/eldiariodesanpedro.com.ar\/sitio\/wp-json\/wp\/v2\/comments?post=90579"}],"version-history":[{"count":2,"href":"https:\/\/eldiariodesanpedro.com.ar\/sitio\/wp-json\/wp\/v2\/posts\/90579\/revisions"}],"predecessor-version":[{"id":90583,"href":"https:\/\/eldiariodesanpedro.com.ar\/sitio\/wp-json\/wp\/v2\/posts\/90579\/revisions\/90583"}],"wp:featuredmedia":[{"embeddable":true,"href":"https:\/\/eldiariodesanpedro.com.ar\/sitio\/wp-json\/wp\/v2\/media\/90580"}],"wp:attachment":[{"href":"https:\/\/eldiariodesanpedro.com.ar\/sitio\/wp-json\/wp\/v2\/media?parent=90579"}],"wp:term":[{"taxonomy":"category","embeddable":true,"href":"https:\/\/eldiariodesanpedro.com.ar\/sitio\/wp-json\/wp\/v2\/categories?post=90579"},{"taxonomy":"post_tag","embeddable":true,"href":"https:\/\/eldiariodesanpedro.com.ar\/sitio\/wp-json\/wp\/v2\/tags?post=90579"}],"curies":[{"name":"wp","href":"https:\/\/api.w.org\/{rel}","templated":true}]}}