{"id":90576,"date":"2021-04-08T09:29:17","date_gmt":"2021-04-08T12:29:17","guid":{"rendered":"https:\/\/eldiariodesanpedro.com.ar\/sitio\/?p=90576"},"modified":"2021-04-08T09:29:22","modified_gmt":"2021-04-08T12:29:22","slug":"se-detuvo-a-un-sujeto-por-abuso-sexual-de-una-nina-de-14-anos","status":"publish","type":"post","link":"https:\/\/eldiariodesanpedro.com.ar\/sitio\/se-detuvo-a-un-sujeto-por-abuso-sexual-de-una-nina-de-14-anos\/","title":{"rendered":"Se detuvo a un sujeto por abuso sexual de una ni\u00f1a de 14 a\u00f1os"},"content":{"rendered":"<!-- VideographyWP Plugin Message: Automatic video embedding prevented by plugin options. -->\n\n<p>Se llevo a cabo la detenci\u00f3n de un ciudadano de 28 a\u00f1os de edad quien esta acusado de haber abusado sexualmente de  una ni\u00f1a de 14 a\u00f1os de edad.<\/p>\n\n\n\n<p>El operativo se realizo este mi\u00e9rcoles en horas de a tarde noche cuando efectivos de la DDI San Pedro-Baradero realizan la detenci\u00f3n de este ciudadano de 28 a\u00f1os de edad en una vivienda ubicada en calle Combate de Obligado y San Lorenzo  <\/p>\n\n\n\n<p>Durante el allanamiento tambi\u00e9n se incautaron diversos elementos que fueron sumados como pruebas a la causa que instruye la UFI 11, a cargo de la Dra. Viviana Ramos.\u00a0<\/p>\n\n\n\n<p>El aprehendido fue trasladado a la sede de la DDI San Nicol\u00e1s, en donde aguarda por las resoluciones que se adopten y su citaci\u00f3n a declaraci\u00f3n indagatoria.<\/p>\n\n\n\n<p>Fuentes de la investigaci\u00f3n se\u00f1alaron que la causa se inici\u00f3 a principios de marzo, cuando la v\u00edctima relat\u00f3 a su padre que hab\u00eda conocido a trav\u00e9s de la red social Facebook a un hombre con el que mantuvo relaciones sexuales. Tras la denuncia, se realizaron las pericias que no solo constataron el testimonio de la joven, sino que aportaron elementos para avanzar en la investigaci\u00f3n.\u00a0<\/p>\n","protected":false},"excerpt":{"rendered":"<p>Se llevo a cabo la detenci\u00f3n de un ciudadano de 28 a\u00f1os de edad quien esta acusado de haber abusado sexualmente de una ni\u00f1a de 14 a\u00f1os de edad. El operativo se realizo este mi\u00e9rcoles en horas de a tarde noche cuando efectivos de la DDI San Pedro-Baradero realizan la detenci\u00f3n de este ciudadano de [&hellip;]<\/p>\n","protected":false},"author":4,"featured_media":90577,"comment_status":"open","ping_status":"closed","sticky":false,"template":"","format":"standard","meta":{"om_disable_all_campaigns":false,"_jetpack_memberships_contains_paid_content":false,"footnotes":""},"categories":[50,2,103],"tags":[],"class_list":["post-90576","post","type-post","status-publish","format-standard","has-post-thumbnail","hentry","category-destacadas","category-locales","category-policiales-locales"],"aioseo_notices":[],"gutentor_comment":0,"jetpack_featured_media_url":"https:\/\/eldiariodesanpedro.com.ar\/sitio\/wp-content\/uploads\/2021\/04\/WhatsApp-Image-2021-04-07-at-18.11.36.jpeg","jetpack_shortlink":"https:\/\/wp.me\/p6RhLt-nyU","jetpack_sharing_enabled":true,"_links":{"self":[{"href":"https:\/\/eldiariodesanpedro.com.ar\/sitio\/wp-json\/wp\/v2\/posts\/90576","targetHints":{"allow":["GET"]}}],"collection":[{"href":"https:\/\/eldiariodesanpedro.com.ar\/sitio\/wp-json\/wp\/v2\/posts"}],"about":[{"href":"https:\/\/eldiariodesanpedro.com.ar\/sitio\/wp-json\/wp\/v2\/types\/post"}],"author":[{"embeddable":true,"href":"https:\/\/eldiariodesanpedro.com.ar\/sitio\/wp-json\/wp\/v2\/users\/4"}],"replies":[{"embeddable":true,"href":"https:\/\/eldiariodesanpedro.com.ar\/sitio\/wp-json\/wp\/v2\/comments?post=90576"}],"version-history":[{"count":1,"href":"https:\/\/eldiariodesanpedro.com.ar\/sitio\/wp-json\/wp\/v2\/posts\/90576\/revisions"}],"predecessor-version":[{"id":90578,"href":"https:\/\/eldiariodesanpedro.com.ar\/sitio\/wp-json\/wp\/v2\/posts\/90576\/revisions\/90578"}],"wp:featuredmedia":[{"embeddable":true,"href":"https:\/\/eldiariodesanpedro.com.ar\/sitio\/wp-json\/wp\/v2\/media\/90577"}],"wp:attachment":[{"href":"https:\/\/eldiariodesanpedro.com.ar\/sitio\/wp-json\/wp\/v2\/media?parent=90576"}],"wp:term":[{"taxonomy":"category","embeddable":true,"href":"https:\/\/eldiariodesanpedro.com.ar\/sitio\/wp-json\/wp\/v2\/categories?post=90576"},{"taxonomy":"post_tag","embeddable":true,"href":"https:\/\/eldiariodesanpedro.com.ar\/sitio\/wp-json\/wp\/v2\/tags?post=90576"}],"curies":[{"name":"wp","href":"https:\/\/api.w.org\/{rel}","templated":true}]}}