{"id":90574,"date":"2021-04-08T09:22:33","date_gmt":"2021-04-08T12:22:33","guid":{"rendered":"https:\/\/eldiariodesanpedro.com.ar\/sitio\/?p=90574"},"modified":"2021-04-08T09:22:38","modified_gmt":"2021-04-08T12:22:38","slug":"circulo-medico-segunda-ola-de-covid-19-a-la-comunidad-sampedrina","status":"publish","type":"post","link":"https:\/\/eldiariodesanpedro.com.ar\/sitio\/circulo-medico-segunda-ola-de-covid-19-a-la-comunidad-sampedrina\/","title":{"rendered":"Circulo Medico: Segunda Ola de Covid-19 &#8211; A la comunidad sampedrina&#8230;"},"content":{"rendered":"<!-- VideographyWP Plugin Message: Automatic video embedding prevented by plugin options. -->\n\n<p>Ante la creciente confirmaci\u00f3n de casos positivos de Covid-19 en pacientes de todas las edades, el incremento de las consultas tanto en el sector p\u00fablico como el sector privado, y las dificultades para responder, despu\u00e9s de tantos meses de esfuerzo y desgaste ante una Pandemia in\u00e9dita en el mundo, la Asociaci\u00f3n C\u00edrculo M\u00e9dico hace un llamado a las autoridades municipales y a la comunidad en su conjunto para que, m\u00e1s all\u00e1 de las restricciones obligatorias que anunciaron o anunciar\u00e1n los gobiernos provincial y nacional,<strong>&nbsp;se extremen las medidas de prevenci\u00f3n personal y familiar.<\/strong><\/p>\n\n\n\n<p>Mientras la vacuna comienza a llegar, lentamente, a los brazos de nuestros vecinos y vecinas, creemos que recordar el cumplimiento de las simples medidas individuales y grupales que se deben tomar, es fundamental.<\/p>\n\n\n\n<p>Los miles de casos confirmados, la cantidad de personas que cursaron y cursaron la enfermedad sin haber sido hisopadas pero con evidentes signos de contagio por diagn\u00f3stico cl\u00ednico o contacto estrecho, &nbsp;y el preocupante crecimiento del \u00edndice de positividad configuran&nbsp;<strong>un futuro cercano muy peligroso.<\/strong><\/p>\n\n\n\n<p>La infraestructura sanitaria sampedrina se ha fortalecido, pero sigue siendo insuficiente para responder ante un aumento de internaciones por Covid-19, junto a la atenci\u00f3n cotidiana que demanda nuestra comunidad.<\/p>\n\n\n\n<p>Por tal motivo reiteramos nuestro pedido de&nbsp;<strong>SOLIDARIDAD Y RESPONSABILIDAD<\/strong>&nbsp;a todos quienes deben tomar el mejor camino ante la decisi\u00f3n de priorizar la salud personal y de sus familias, o la continuidad de la totalidad de las actividades laborales o de esparcimiento.<\/p>\n\n\n\n<p><strong>El barbijo BIEN COLOCADO Y SIEMPRE, el distanciamiento social, evitar salidas o encuentros no urgentes y la sanitizaci\u00f3n permanente, son las herramientas que junto a la vacunaci\u00f3n nos permitir\u00e1n transitar con el menor impacto posible esta segunda ola de Covid-19.<br><\/strong><\/p>\n","protected":false},"excerpt":{"rendered":"<p>Ante la creciente confirmaci\u00f3n de casos positivos de Covid-19 en pacientes de todas las edades, el incremento de las consultas tanto en el sector p\u00fablico como el sector privado, y las dificultades para responder, despu\u00e9s de tantos meses de esfuerzo y desgaste ante una Pandemia in\u00e9dita en el mundo, la Asociaci\u00f3n C\u00edrculo M\u00e9dico hace un [&hellip;]<\/p>\n","protected":false},"author":4,"featured_media":61047,"comment_status":"open","ping_status":"closed","sticky":false,"template":"","format":"standard","meta":{"om_disable_all_campaigns":false,"_jetpack_memberships_contains_paid_content":false,"footnotes":""},"categories":[50,101,2],"tags":[],"class_list":["post-90574","post","type-post","status-publish","format-standard","has-post-thumbnail","hentry","category-destacadas","category-interes-general-locales","category-locales"],"aioseo_notices":[],"gutentor_comment":0,"jetpack_featured_media_url":"https:\/\/eldiariodesanpedro.com.ar\/sitio\/wp-content\/uploads\/2019\/10\/Circulo-M\u00e9dico.jpg","jetpack_shortlink":"https:\/\/wp.me\/p6RhLt-nyS","jetpack_sharing_enabled":true,"_links":{"self":[{"href":"https:\/\/eldiariodesanpedro.com.ar\/sitio\/wp-json\/wp\/v2\/posts\/90574","targetHints":{"allow":["GET"]}}],"collection":[{"href":"https:\/\/eldiariodesanpedro.com.ar\/sitio\/wp-json\/wp\/v2\/posts"}],"about":[{"href":"https:\/\/eldiariodesanpedro.com.ar\/sitio\/wp-json\/wp\/v2\/types\/post"}],"author":[{"embeddable":true,"href":"https:\/\/eldiariodesanpedro.com.ar\/sitio\/wp-json\/wp\/v2\/users\/4"}],"replies":[{"embeddable":true,"href":"https:\/\/eldiariodesanpedro.com.ar\/sitio\/wp-json\/wp\/v2\/comments?post=90574"}],"version-history":[{"count":1,"href":"https:\/\/eldiariodesanpedro.com.ar\/sitio\/wp-json\/wp\/v2\/posts\/90574\/revisions"}],"predecessor-version":[{"id":90575,"href":"https:\/\/eldiariodesanpedro.com.ar\/sitio\/wp-json\/wp\/v2\/posts\/90574\/revisions\/90575"}],"wp:featuredmedia":[{"embeddable":true,"href":"https:\/\/eldiariodesanpedro.com.ar\/sitio\/wp-json\/wp\/v2\/media\/61047"}],"wp:attachment":[{"href":"https:\/\/eldiariodesanpedro.com.ar\/sitio\/wp-json\/wp\/v2\/media?parent=90574"}],"wp:term":[{"taxonomy":"category","embeddable":true,"href":"https:\/\/eldiariodesanpedro.com.ar\/sitio\/wp-json\/wp\/v2\/categories?post=90574"},{"taxonomy":"post_tag","embeddable":true,"href":"https:\/\/eldiariodesanpedro.com.ar\/sitio\/wp-json\/wp\/v2\/tags?post=90574"}],"curies":[{"name":"wp","href":"https:\/\/api.w.org\/{rel}","templated":true}]}}