{"id":90560,"date":"2021-04-07T18:14:19","date_gmt":"2021-04-07T21:14:19","guid":{"rendered":"https:\/\/eldiariodesanpedro.com.ar\/sitio\/?p=90560"},"modified":"2021-04-07T18:14:24","modified_gmt":"2021-04-07T21:14:24","slug":"coronavirus-22-039-casos-positivos-en-las-ultimas-24-horas","status":"publish","type":"post","link":"https:\/\/eldiariodesanpedro.com.ar\/sitio\/coronavirus-22-039-casos-positivos-en-las-ultimas-24-horas\/","title":{"rendered":"Coronavirus: 22.039 casos positivos en las \u00faltimas 24 horas"},"content":{"rendered":"<!-- VideographyWP Plugin Message: Automatic video embedding prevented by plugin options. -->\n\n<p>Lo confirm\u00f3 el Ministerio de Salud. La mitad de los casos de coronavirus se registraron en la provincia de Buenos Aires. El Presidente anunciar\u00e1 nuevas medidas.<\/p>\n\n\n\n<p>Por segundo d\u00eda consecutivo los\u00a0<strong>casos\u00a0de\u00a0coronavirus<\/strong>\u00a0superan el r\u00e9cord en el pa\u00eds. El\u00a0<strong>Ministerio de\u00a0Salud<\/strong>\u00a0confirm\u00f3\u00a0<strong>22.039 casos positivos<\/strong>\u00a0en las \u00faltimas 24 horas y ya son\u00a0<strong>2.450.068 en total<\/strong>\u00a0desde el comienzo de la pandemia; adem\u00e1s,<strong>\u00a0199 personas fallecieron<\/strong>\u00a0y ya son 56.832 los argentinos que perdieron la vida a causa del virus.<\/p>\n\n\n\n<p>A nivel ocupaci\u00f3n de camas, el promedio nacional alcanz\u00f3 el 58 por ciento, en tanto que en el AMBA trep\u00f3 a 64 por ciento, aunque algunas regiones de la Provincia -especialmente en el interior- est\u00e1n cerca de la saturaci\u00f3n.<\/p>\n\n\n\n<p><strong>11.059 casos se registraron en la provincia de Buenos Aires, que ya suma 1.037.954 infectados en total<\/strong>. En las pr\u00f3ximas horas, el presidente&nbsp;<strong>Alberto Fern\u00e1ndez<\/strong>&nbsp;emitir\u00e1 un mensaje grabado en el que informar\u00e1 las nuevas medidas para frenar la curva de casos de la segunda ola, tras la reuni\u00f3n que mantuvo con&nbsp;<strong>Axel Kicillof<\/strong>&nbsp;y&nbsp;<strong>Horacio Rodr\u00edguez Larreta<\/strong>.<\/p>\n\n\n\n<p>Tal como adelant\u00f3<strong>&nbsp;INFOCIELO<\/strong>, las mismas tendr\u00e1n que ver con<strong>&nbsp;restricciones al transporte p\u00fablico<\/strong>, que ser\u00e1 s\u00f3lo para esenciales, alumnos y docentes;&nbsp;<strong>nocturnidad y circulaci\u00f3n<\/strong>&nbsp;en horario nocturno; y&nbsp;<strong>actividades recreativas<\/strong>&nbsp;con mucha afluencia.<\/p>\n\n\n\n<h3 class=\"wp-block-heading\"><strong>AVANZA EL OPERATIVO DE VACUNACI\u00d3N<\/strong><\/h3>\n\n\n\n<p>En cuanto a la aplicaci\u00f3n de vacunas, siempre seg\u00fan datos oficiales divulgados por el Ministerio de Salud de la Naci\u00f3n, ya fueron aplicadas en el pa\u00eds 4.571.819 dosis: 3.870.734 personas recibieron una y 701.085 las dos.<\/p>\n\n\n\n<p>El Gobierno nacional ya distribuy\u00f3 a las Provincias 6.322.446 aplicaciones, de las cuales 2.465.855 llegaron a la Provincia de Buenos Aires.<\/p>\n\n\n\n<p>En ese sentido cabe destacar que hay 1.437.606 que recibieron una dosis de la vacuna contra el coronavirus y 265.399 que recibieron las dos, con lo cual son 1.7 millones los bonaerenses inmunizados, el 10 por ciento de la poblaci\u00f3n total.<\/p>\n\n\n\n<p><a href=\"https:\/\/media.infocielo.com\/p\/d9ac568d2dd802c5215730fa5ba7adda\/adjuntos\/299\/imagenes\/001\/036\/0001036871\/los-casos-coronavirus-argentina-superaron-el-record-absoluto-segundo-dia-consecutivo.jpg\"><\/a><\/p>\n\n\n\n<p><a href=\"https:\/\/media.infocielo.com\/p\/d9ac568d2dd802c5215730fa5ba7adda\/adjuntos\/299\/imagenes\/001\/036\/0001036871\/los-casos-coronavirus-argentina-superaron-el-record-absoluto-segundo-dia-consecutivo.jpg\"><\/a><\/p>\n","protected":false},"excerpt":{"rendered":"<p>Lo confirm\u00f3 el Ministerio de Salud. La mitad de los casos de coronavirus se registraron en la provincia de Buenos Aires. El Presidente anunciar\u00e1 nuevas medidas. Por segundo d\u00eda consecutivo los\u00a0casos\u00a0de\u00a0coronavirus\u00a0superan el r\u00e9cord en el pa\u00eds. El\u00a0Ministerio de\u00a0Salud\u00a0confirm\u00f3\u00a022.039 casos positivos\u00a0en las \u00faltimas 24 horas y ya son\u00a02.450.068 en total\u00a0desde el comienzo de la pandemia; adem\u00e1s,\u00a0199 [&hellip;]<\/p>\n","protected":false},"author":4,"featured_media":90561,"comment_status":"open","ping_status":"closed","sticky":false,"template":"","format":"standard","meta":{"om_disable_all_campaigns":false,"_jetpack_memberships_contains_paid_content":false,"footnotes":""},"categories":[621],"tags":[],"class_list":["post-90560","post","type-post","status-publish","format-standard","has-post-thumbnail","hentry","category-regionales"],"aioseo_notices":[],"gutentor_comment":0,"jetpack_featured_media_url":"https:\/\/eldiariodesanpedro.com.ar\/sitio\/wp-content\/uploads\/2021\/04\/los-casos-coronavirus-argentina-superaron-el-record-absoluto-segundo-dia-consecutivo.jpg","jetpack_shortlink":"https:\/\/wp.me\/p6RhLt-nyE","jetpack_sharing_enabled":true,"_links":{"self":[{"href":"https:\/\/eldiariodesanpedro.com.ar\/sitio\/wp-json\/wp\/v2\/posts\/90560","targetHints":{"allow":["GET"]}}],"collection":[{"href":"https:\/\/eldiariodesanpedro.com.ar\/sitio\/wp-json\/wp\/v2\/posts"}],"about":[{"href":"https:\/\/eldiariodesanpedro.com.ar\/sitio\/wp-json\/wp\/v2\/types\/post"}],"author":[{"embeddable":true,"href":"https:\/\/eldiariodesanpedro.com.ar\/sitio\/wp-json\/wp\/v2\/users\/4"}],"replies":[{"embeddable":true,"href":"https:\/\/eldiariodesanpedro.com.ar\/sitio\/wp-json\/wp\/v2\/comments?post=90560"}],"version-history":[{"count":1,"href":"https:\/\/eldiariodesanpedro.com.ar\/sitio\/wp-json\/wp\/v2\/posts\/90560\/revisions"}],"predecessor-version":[{"id":90562,"href":"https:\/\/eldiariodesanpedro.com.ar\/sitio\/wp-json\/wp\/v2\/posts\/90560\/revisions\/90562"}],"wp:featuredmedia":[{"embeddable":true,"href":"https:\/\/eldiariodesanpedro.com.ar\/sitio\/wp-json\/wp\/v2\/media\/90561"}],"wp:attachment":[{"href":"https:\/\/eldiariodesanpedro.com.ar\/sitio\/wp-json\/wp\/v2\/media?parent=90560"}],"wp:term":[{"taxonomy":"category","embeddable":true,"href":"https:\/\/eldiariodesanpedro.com.ar\/sitio\/wp-json\/wp\/v2\/categories?post=90560"},{"taxonomy":"post_tag","embeddable":true,"href":"https:\/\/eldiariodesanpedro.com.ar\/sitio\/wp-json\/wp\/v2\/tags?post=90560"}],"curies":[{"name":"wp","href":"https:\/\/api.w.org\/{rel}","templated":true}]}}