{"id":90551,"date":"2021-04-07T18:04:09","date_gmt":"2021-04-07T21:04:09","guid":{"rendered":"https:\/\/eldiariodesanpedro.com.ar\/sitio\/?p=90551"},"modified":"2021-04-07T18:04:14","modified_gmt":"2021-04-07T21:04:14","slug":"san-pedro-presente-en-un-seminario-para-promover-la-proyeccion-internacional-de-las-provincias","status":"publish","type":"post","link":"https:\/\/eldiariodesanpedro.com.ar\/sitio\/san-pedro-presente-en-un-seminario-para-promover-la-proyeccion-internacional-de-las-provincias\/","title":{"rendered":"San Pedro presente en un seminario para promover la proyecci\u00f3n internacional de las provincias"},"content":{"rendered":"<!-- VideographyWP Plugin Message: Automatic video embedding prevented by plugin options. -->\n\n<p>La Municipalidad de San Pedro fue invitada a integrar este mi\u00e9rcoles 7 de abril a un encuentro para promover la proyecci\u00f3n internacional de las provincias. El Intendente Cecilio Salazar, el Secretario de Desarrollo Econ\u00f3mico Alfredo Carrasco y la Secretaria de Turismo Marcela Cu\u00f1er participaron de una charla v\u00eda zoom organizada por la Canciller\u00eda Nacional con la participaci\u00f3n del Secretario de Relaciones Exteriores Pablo Tettamanti y el Subsecretario de Asuntos Nacionales Fernando Asencio.<\/p>\n\n\n\n<p>Para la Municipalidad de San Pedro ha sido una distinci\u00f3n contar con esta invitaci\u00f3n ya que conlleva la inclusi\u00f3n de nuestra regi\u00f3n como una de las \u00e1reas que es tenida en cuenta para proyectos, inversiones y desarrollos en diferentes sectores, diagramando una pol\u00edtica exterior con car\u00e1cter federal. El \u00abhermanamiento\u00bb entre ciudades, una modalidad que favorece el intercambio entre comunidades en diferentes lugares del mundo que pueden potenciarse entre s\u00ed, es una de las aristas principales de este plan y sobre el tema se compartieron detalles importantes para estrechar lazos culturales sin distinciones pol\u00edticas o geogr\u00e1ficas.<\/p>\n\n\n\n<p>Desde San Pedro se destacaron aspectos estrat\u00e9gicos para potenciar productos, estimular la atracci\u00f3n de inversiones y seguir fortaleciendo la oferta tur\u00edstica. La canciller\u00eda se propone llegar a todos los rincones del pa\u00eds y en ese marco ha lanzado el \u00abPrograma de asistencia diplom\u00e1tica en el interior\u00bb, una herramienta que conectar\u00e1 a los diplom\u00e1ticos del organismo para que brinden asistencia t\u00e9cnica especializada a cada provincia.<\/p>\n\n\n\n<figure class=\"wp-block-image size-large\"><img decoding=\"async\" width=\"488\" height=\"1024\" data-attachment-id=\"90553\" data-permalink=\"https:\/\/eldiariodesanpedro.com.ar\/sitio\/san-pedro-presente-en-un-seminario-para-promover-la-proyeccion-internacional-de-las-provincias\/whatsapp-image-2021-04-07-at-17-21-50\/\" data-orig-file=\"https:\/\/eldiariodesanpedro.com.ar\/sitio\/wp-content\/uploads\/2021\/04\/WhatsApp-Image-2021-04-07-at-17.21.50.jpeg\" data-orig-size=\"555,1164\" data-comments-opened=\"1\" data-image-meta=\"{&quot;aperture&quot;:&quot;0&quot;,&quot;credit&quot;:&quot;&quot;,&quot;camera&quot;:&quot;&quot;,&quot;caption&quot;:&quot;&quot;,&quot;created_timestamp&quot;:&quot;0&quot;,&quot;copyright&quot;:&quot;&quot;,&quot;focal_length&quot;:&quot;0&quot;,&quot;iso&quot;:&quot;0&quot;,&quot;shutter_speed&quot;:&quot;0&quot;,&quot;title&quot;:&quot;&quot;,&quot;orientation&quot;:&quot;0&quot;}\" data-image-title=\"WhatsApp Image 2021-04-07 at 17.21.50\" data-image-description=\"\" data-image-caption=\"\" data-large-file=\"https:\/\/eldiariodesanpedro.com.ar\/sitio\/wp-content\/uploads\/2021\/04\/WhatsApp-Image-2021-04-07-at-17.21.50-488x1024.jpeg\" data-src=\"https:\/\/eldiariodesanpedro.com.ar\/sitio\/wp-content\/uploads\/2021\/04\/WhatsApp-Image-2021-04-07-at-17.21.50-488x1024.jpeg\" alt=\"\" class=\"wp-image-90553 lazyload\" data-srcset=\"https:\/\/eldiariodesanpedro.com.ar\/sitio\/wp-content\/uploads\/2021\/04\/WhatsApp-Image-2021-04-07-at-17.21.50-488x1024.jpeg 488w, https:\/\/eldiariodesanpedro.com.ar\/sitio\/wp-content\/uploads\/2021\/04\/WhatsApp-Image-2021-04-07-at-17.21.50-143x300.jpeg 143w, https:\/\/eldiariodesanpedro.com.ar\/sitio\/wp-content\/uploads\/2021\/04\/WhatsApp-Image-2021-04-07-at-17.21.50.jpeg 555w\" data-sizes=\"(max-width: 488px) 100vw, 488px\" src=\"data:image\/svg+xml;base64,PHN2ZyB3aWR0aD0iMSIgaGVpZ2h0PSIxIiB4bWxucz0iaHR0cDovL3d3dy53My5vcmcvMjAwMC9zdmciPjwvc3ZnPg==\" style=\"--smush-placeholder-width: 488px; --smush-placeholder-aspect-ratio: 488\/1024;\" \/><\/figure>\n\n\n\n<figure class=\"wp-block-image size-large\"><img decoding=\"async\" width=\"1024\" height=\"766\" data-attachment-id=\"90554\" data-permalink=\"https:\/\/eldiariodesanpedro.com.ar\/sitio\/san-pedro-presente-en-un-seminario-para-promover-la-proyeccion-internacional-de-las-provincias\/whatsapp-image-2021-04-07-at-17-21-51-1\/\" data-orig-file=\"https:\/\/eldiariodesanpedro.com.ar\/sitio\/wp-content\/uploads\/2021\/04\/WhatsApp-Image-2021-04-07-at-17.21.51-1.jpeg\" data-orig-size=\"1160,868\" data-comments-opened=\"1\" data-image-meta=\"{&quot;aperture&quot;:&quot;0&quot;,&quot;credit&quot;:&quot;&quot;,&quot;camera&quot;:&quot;&quot;,&quot;caption&quot;:&quot;&quot;,&quot;created_timestamp&quot;:&quot;0&quot;,&quot;copyright&quot;:&quot;&quot;,&quot;focal_length&quot;:&quot;0&quot;,&quot;iso&quot;:&quot;0&quot;,&quot;shutter_speed&quot;:&quot;0&quot;,&quot;title&quot;:&quot;&quot;,&quot;orientation&quot;:&quot;0&quot;}\" data-image-title=\"WhatsApp Image 2021-04-07 at 17.21.51 (1)\" data-image-description=\"\" data-image-caption=\"\" data-large-file=\"https:\/\/eldiariodesanpedro.com.ar\/sitio\/wp-content\/uploads\/2021\/04\/WhatsApp-Image-2021-04-07-at-17.21.51-1-1024x766.jpeg\" data-src=\"https:\/\/eldiariodesanpedro.com.ar\/sitio\/wp-content\/uploads\/2021\/04\/WhatsApp-Image-2021-04-07-at-17.21.51-1-1024x766.jpeg\" alt=\"\" class=\"wp-image-90554 lazyload\" data-srcset=\"https:\/\/eldiariodesanpedro.com.ar\/sitio\/wp-content\/uploads\/2021\/04\/WhatsApp-Image-2021-04-07-at-17.21.51-1-1024x766.jpeg 1024w, https:\/\/eldiariodesanpedro.com.ar\/sitio\/wp-content\/uploads\/2021\/04\/WhatsApp-Image-2021-04-07-at-17.21.51-1-300x224.jpeg 300w, https:\/\/eldiariodesanpedro.com.ar\/sitio\/wp-content\/uploads\/2021\/04\/WhatsApp-Image-2021-04-07-at-17.21.51-1-768x575.jpeg 768w, https:\/\/eldiariodesanpedro.com.ar\/sitio\/wp-content\/uploads\/2021\/04\/WhatsApp-Image-2021-04-07-at-17.21.51-1-500x375.jpeg 500w, https:\/\/eldiariodesanpedro.com.ar\/sitio\/wp-content\/uploads\/2021\/04\/WhatsApp-Image-2021-04-07-at-17.21.51-1.jpeg 1160w\" data-sizes=\"(max-width: 1024px) 100vw, 1024px\" src=\"data:image\/svg+xml;base64,PHN2ZyB3aWR0aD0iMSIgaGVpZ2h0PSIxIiB4bWxucz0iaHR0cDovL3d3dy53My5vcmcvMjAwMC9zdmciPjwvc3ZnPg==\" style=\"--smush-placeholder-width: 1024px; --smush-placeholder-aspect-ratio: 1024\/766;\" \/><\/figure>\n\n\n\n<figure class=\"wp-block-image size-large\"><img decoding=\"async\" width=\"1024\" height=\"766\" data-attachment-id=\"90555\" data-permalink=\"https:\/\/eldiariodesanpedro.com.ar\/sitio\/san-pedro-presente-en-un-seminario-para-promover-la-proyeccion-internacional-de-las-provincias\/whatsapp-image-2021-04-07-at-17-21-51\/\" data-orig-file=\"https:\/\/eldiariodesanpedro.com.ar\/sitio\/wp-content\/uploads\/2021\/04\/WhatsApp-Image-2021-04-07-at-17.21.51.jpeg\" data-orig-size=\"1160,868\" data-comments-opened=\"1\" data-image-meta=\"{&quot;aperture&quot;:&quot;0&quot;,&quot;credit&quot;:&quot;&quot;,&quot;camera&quot;:&quot;&quot;,&quot;caption&quot;:&quot;&quot;,&quot;created_timestamp&quot;:&quot;0&quot;,&quot;copyright&quot;:&quot;&quot;,&quot;focal_length&quot;:&quot;0&quot;,&quot;iso&quot;:&quot;0&quot;,&quot;shutter_speed&quot;:&quot;0&quot;,&quot;title&quot;:&quot;&quot;,&quot;orientation&quot;:&quot;0&quot;}\" data-image-title=\"WhatsApp Image 2021-04-07 at 17.21.51\" data-image-description=\"\" data-image-caption=\"\" data-large-file=\"https:\/\/eldiariodesanpedro.com.ar\/sitio\/wp-content\/uploads\/2021\/04\/WhatsApp-Image-2021-04-07-at-17.21.51-1024x766.jpeg\" data-src=\"https:\/\/eldiariodesanpedro.com.ar\/sitio\/wp-content\/uploads\/2021\/04\/WhatsApp-Image-2021-04-07-at-17.21.51-1024x766.jpeg\" alt=\"\" class=\"wp-image-90555 lazyload\" data-srcset=\"https:\/\/eldiariodesanpedro.com.ar\/sitio\/wp-content\/uploads\/2021\/04\/WhatsApp-Image-2021-04-07-at-17.21.51-1024x766.jpeg 1024w, https:\/\/eldiariodesanpedro.com.ar\/sitio\/wp-content\/uploads\/2021\/04\/WhatsApp-Image-2021-04-07-at-17.21.51-300x224.jpeg 300w, https:\/\/eldiariodesanpedro.com.ar\/sitio\/wp-content\/uploads\/2021\/04\/WhatsApp-Image-2021-04-07-at-17.21.51-768x575.jpeg 768w, https:\/\/eldiariodesanpedro.com.ar\/sitio\/wp-content\/uploads\/2021\/04\/WhatsApp-Image-2021-04-07-at-17.21.51-500x375.jpeg 500w, https:\/\/eldiariodesanpedro.com.ar\/sitio\/wp-content\/uploads\/2021\/04\/WhatsApp-Image-2021-04-07-at-17.21.51.jpeg 1160w\" data-sizes=\"(max-width: 1024px) 100vw, 1024px\" src=\"data:image\/svg+xml;base64,PHN2ZyB3aWR0aD0iMSIgaGVpZ2h0PSIxIiB4bWxucz0iaHR0cDovL3d3dy53My5vcmcvMjAwMC9zdmciPjwvc3ZnPg==\" style=\"--smush-placeholder-width: 1024px; --smush-placeholder-aspect-ratio: 1024\/766;\" \/><\/figure>\n","protected":false},"excerpt":{"rendered":"<p>La Municipalidad de San Pedro fue invitada a integrar este mi\u00e9rcoles 7 de abril a un encuentro para promover la proyecci\u00f3n internacional de las provincias. El Intendente Cecilio Salazar, el Secretario de Desarrollo Econ\u00f3mico Alfredo Carrasco y la Secretaria de Turismo Marcela Cu\u00f1er participaron de una charla v\u00eda zoom organizada por la Canciller\u00eda Nacional con [&hellip;]<\/p>\n","protected":false},"author":4,"featured_media":90552,"comment_status":"open","ping_status":"closed","sticky":false,"template":"","format":"standard","meta":{"om_disable_all_campaigns":false,"_jetpack_memberships_contains_paid_content":false,"footnotes":""},"categories":[101,2],"tags":[],"class_list":["post-90551","post","type-post","status-publish","format-standard","has-post-thumbnail","hentry","category-interes-general-locales","category-locales"],"aioseo_notices":[],"gutentor_comment":0,"jetpack_featured_media_url":"https:\/\/eldiariodesanpedro.com.ar\/sitio\/wp-content\/uploads\/2021\/04\/WhatsApp-Image-2021-04-07-at-17.21.49.jpeg","jetpack_shortlink":"https:\/\/wp.me\/p6RhLt-nyv","jetpack_sharing_enabled":true,"_links":{"self":[{"href":"https:\/\/eldiariodesanpedro.com.ar\/sitio\/wp-json\/wp\/v2\/posts\/90551","targetHints":{"allow":["GET"]}}],"collection":[{"href":"https:\/\/eldiariodesanpedro.com.ar\/sitio\/wp-json\/wp\/v2\/posts"}],"about":[{"href":"https:\/\/eldiariodesanpedro.com.ar\/sitio\/wp-json\/wp\/v2\/types\/post"}],"author":[{"embeddable":true,"href":"https:\/\/eldiariodesanpedro.com.ar\/sitio\/wp-json\/wp\/v2\/users\/4"}],"replies":[{"embeddable":true,"href":"https:\/\/eldiariodesanpedro.com.ar\/sitio\/wp-json\/wp\/v2\/comments?post=90551"}],"version-history":[{"count":1,"href":"https:\/\/eldiariodesanpedro.com.ar\/sitio\/wp-json\/wp\/v2\/posts\/90551\/revisions"}],"predecessor-version":[{"id":90556,"href":"https:\/\/eldiariodesanpedro.com.ar\/sitio\/wp-json\/wp\/v2\/posts\/90551\/revisions\/90556"}],"wp:featuredmedia":[{"embeddable":true,"href":"https:\/\/eldiariodesanpedro.com.ar\/sitio\/wp-json\/wp\/v2\/media\/90552"}],"wp:attachment":[{"href":"https:\/\/eldiariodesanpedro.com.ar\/sitio\/wp-json\/wp\/v2\/media?parent=90551"}],"wp:term":[{"taxonomy":"category","embeddable":true,"href":"https:\/\/eldiariodesanpedro.com.ar\/sitio\/wp-json\/wp\/v2\/categories?post=90551"},{"taxonomy":"post_tag","embeddable":true,"href":"https:\/\/eldiariodesanpedro.com.ar\/sitio\/wp-json\/wp\/v2\/tags?post=90551"}],"curies":[{"name":"wp","href":"https:\/\/api.w.org\/{rel}","templated":true}]}}