{"id":90547,"date":"2021-04-07T13:10:23","date_gmt":"2021-04-07T16:10:23","guid":{"rendered":"https:\/\/eldiariodesanpedro.com.ar\/sitio\/?p=90547"},"modified":"2021-04-07T13:10:28","modified_gmt":"2021-04-07T16:10:28","slug":"edicto-de-sucesion-de-zarate-jose-arturo-y-brun-elda-vilma","status":"publish","type":"post","link":"https:\/\/eldiariodesanpedro.com.ar\/sitio\/edicto-de-sucesion-de-zarate-jose-arturo-y-brun-elda-vilma\/","title":{"rendered":"Edicto de Sucesi\u00f3n de Zarate Jose Arturo y Brun Elda Vilma"},"content":{"rendered":"<!-- VideographyWP Plugin Message: Automatic video embedding prevented by plugin options. -->\n\n<p>El Juzgado de 1o Instancia en lo Civil y Comercial No 5, Secretar\u00eda \u00danica del Departamento Judicial de San Nicol\u00e1s, cita y emplaza por treinta d\u00edas a herederos y acreedores de Brun Elda vilma a tomar intervenci\u00f3n y estar a derecho en los autos caratulados <strong>Zarate Jose Arturo y Brun Elda Vilma SI Sucesi\u00f3n AB Intestato<\/strong> \\,(Expte. N\u00b0 7488\/2017).- San Nicol\u00e1s, 01 del mes de febrero de 2021.-<\/p>\n\n\n\n<p>DRA FAZEUILHE MARIA CAROLINA <br>ABOGADA SECRETARIA<\/p>\n","protected":false},"excerpt":{"rendered":"<p>El Juzgado de 1o Instancia en lo Civil y Comercial No 5, Secretar\u00eda \u00danica del Departamento Judicial de San Nicol\u00e1s, cita y emplaza por treinta d\u00edas a herederos y acreedores de Brun Elda vilma a tomar intervenci\u00f3n y estar a derecho en los autos caratulados Zarate Jose Arturo y Brun Elda Vilma SI Sucesi\u00f3n AB [&hellip;]<\/p>\n","protected":false},"author":4,"featured_media":81115,"comment_status":"open","ping_status":"closed","sticky":false,"template":"","format":"standard","meta":{"om_disable_all_campaigns":false,"_jetpack_memberships_contains_paid_content":false,"footnotes":""},"categories":[676,677],"tags":[],"class_list":["post-90547","post","type-post","status-publish","format-standard","has-post-thumbnail","hentry","category-edictos","category-edictos-sucesorios"],"aioseo_notices":[],"gutentor_comment":0,"jetpack_featured_media_url":"https:\/\/eldiariodesanpedro.com.ar\/sitio\/wp-content\/uploads\/2020\/09\/Poder-Judicial.jpg","jetpack_shortlink":"https:\/\/wp.me\/p6RhLt-nyr","jetpack_sharing_enabled":true,"_links":{"self":[{"href":"https:\/\/eldiariodesanpedro.com.ar\/sitio\/wp-json\/wp\/v2\/posts\/90547","targetHints":{"allow":["GET"]}}],"collection":[{"href":"https:\/\/eldiariodesanpedro.com.ar\/sitio\/wp-json\/wp\/v2\/posts"}],"about":[{"href":"https:\/\/eldiariodesanpedro.com.ar\/sitio\/wp-json\/wp\/v2\/types\/post"}],"author":[{"embeddable":true,"href":"https:\/\/eldiariodesanpedro.com.ar\/sitio\/wp-json\/wp\/v2\/users\/4"}],"replies":[{"embeddable":true,"href":"https:\/\/eldiariodesanpedro.com.ar\/sitio\/wp-json\/wp\/v2\/comments?post=90547"}],"version-history":[{"count":1,"href":"https:\/\/eldiariodesanpedro.com.ar\/sitio\/wp-json\/wp\/v2\/posts\/90547\/revisions"}],"predecessor-version":[{"id":90548,"href":"https:\/\/eldiariodesanpedro.com.ar\/sitio\/wp-json\/wp\/v2\/posts\/90547\/revisions\/90548"}],"wp:featuredmedia":[{"embeddable":true,"href":"https:\/\/eldiariodesanpedro.com.ar\/sitio\/wp-json\/wp\/v2\/media\/81115"}],"wp:attachment":[{"href":"https:\/\/eldiariodesanpedro.com.ar\/sitio\/wp-json\/wp\/v2\/media?parent=90547"}],"wp:term":[{"taxonomy":"category","embeddable":true,"href":"https:\/\/eldiariodesanpedro.com.ar\/sitio\/wp-json\/wp\/v2\/categories?post=90547"},{"taxonomy":"post_tag","embeddable":true,"href":"https:\/\/eldiariodesanpedro.com.ar\/sitio\/wp-json\/wp\/v2\/tags?post=90547"}],"curies":[{"name":"wp","href":"https:\/\/api.w.org\/{rel}","templated":true}]}}