{"id":90536,"date":"2021-04-07T11:33:58","date_gmt":"2021-04-07T14:33:58","guid":{"rendered":"https:\/\/eldiariodesanpedro.com.ar\/sitio\/?p=90536"},"modified":"2021-04-07T11:34:03","modified_gmt":"2021-04-07T14:34:03","slug":"por-el-rebrote-de-covid-19-vuelve-el-ife","status":"publish","type":"post","link":"https:\/\/eldiariodesanpedro.com.ar\/sitio\/por-el-rebrote-de-covid-19-vuelve-el-ife\/","title":{"rendered":"Por el rebrote de Covid-19, \u00bfvuelve el IFE?"},"content":{"rendered":"<!-- VideographyWP Plugin Message: Automatic video embedding prevented by plugin options. -->\n\n<p>El Gobierno podr\u00eda utilizar parte del dinero proveniente de los Derechos Especiales de Giro (DEG) para los pr\u00f3ximos planes de apoyo y contenci\u00f3n de la econom\u00eda real; en el caso que la pandemia se agrave con el empeoramiento de la segunda ola del covid.<\/p>\n\n\n\n<p>Los DEG ser\u00edan habilitados desde el Fondo Monetario Internacional (FMI) entre fin de este mes y comienzos de junio; con lo que el Gobierno tendr\u00eda ese dinero autorizado para contabilizarlo dentro de las reservas del Banco Central, en alg\u00fan momento del segundo trimestre del a\u00f1o.<\/p>\n\n\n\n<p>El Ejecutivo no piensa recrear los Programas de Asistencia y Emergencia al Trabajo y la Producci\u00f3n (ATP); y s\u00f3lo, eventualmente y para casos de sectores puntuales en crisis, redise\u00f1ar los Repro II.<\/p>\n\n\n\n<p>Pero s\u00ed&nbsp;<strong>se tiene en mente dentro del gabinete nacional, una nueva etapa del plan de Ingreso Familiar de Emergencia (IFE). Esto sumado a alg\u00fan plan extraordinario de cr\u00e9ditos directos y direccionados, como los recientemente lanzados por el ANSES<\/strong>. El problema que tiene el Gobierno, es que no hay partidas importantes que figuren en el Presupuesto aprobado por el Congreso para el 2021 para poder reactivar los planes de ayuda y sostenimiento de la econom\u00eda real.<\/p>\n\n\n\n<p><strong>\u00bfDe d\u00f3nde puede salir entonces el financiamiento de los nuevos planes sociales?<\/strong>. El FMI podr\u00eda salir al rescate, con los DEG, que la propia Kristalina Georgieva anunci\u00f3 hace 10 d\u00edas. La directora gerente del organismo confirm\u00f3 que el Fondo habilitar\u00e1 en semanas unos u$s650.000 millones, exclusivamente destinados a los pa\u00edses en desarrollo que tengan su cuota al d\u00eda con el organismo. Como Argentina cumple con la condici\u00f3n de hacer sus liquidaciones mensuales, y como al pa\u00eds le corresponden unos 0,7% por sus acciones en el directorio del FMI; en total se recibir\u00edan unos u$s4.354 millones.<\/p>\n\n\n\n<p>Seg\u00fan el diario&nbsp;<em>\u00c1mbito Financiero<\/em>, Guzm\u00e1n ya ten\u00eda en mente el destino de este dinero: reforzar las reservas, y garantizar un segundo semestre cambiario tranquilo; con reservas del BCRA lo suficientemente s\u00f3lidas como para enfrentar eventuales turbulencias. Su intenci\u00f3n era que todo el dinero tenga este destino; para lo que elabor\u00f3 una estrategia de liberar los pagos con el Club de Par\u00eds de mayo y los dos vencimientos de septiembre y diciembre con el FMI, las tres obligaciones financieras en divisas que debe enfrentar Argentina este a\u00f1o. De estos, si se lograra un acuerdo con el Club de Par\u00eds y se llegara a un acuerdo con el Fondo despu\u00e9s de octubre, s\u00f3lo ser\u00eda prioritario pagarle el primer vencimiento al FMI por unos u$s1.800 millones. Si as\u00ed lo hiciera, quedar\u00edan de los DEG unos u$s2.500 millones liberados para ser utilizados para el financiamiento de un nuevo IFE.<\/p>\n\n\n\n<p>Ese programa tuvo un costo m\u00e1ximo a noviembre de 2020 por unos 265.000 millones de pesos, equivalentes a 0,8% del PBI; en ese momento unos 2.500\/ 2.600 millones de d\u00f3lares. En el Gobierno se hacen c\u00e1lculos y ser\u00eda el mismo monto que lo que quedar\u00eda disponible de las DEG, luego del eventual pago de septiembre. Sin embargo, la situaci\u00f3n ser\u00eda ahora mucho m\u00e1s holgada, ya que ese c\u00e1lculo de los DEG a noviembre del a\u00f1o pasado, incluye las peores etapas de la cuarentena completa del segundo y tercer trimestre del 2020; situaci\u00f3n a la que no deber\u00eda llegarse este a\u00f1o. Al menos seg\u00fan las proyecciones oficiales. El primer c\u00e1lculo mental del oficialismo habla de s\u00f3lo u$s1.000 a 1.500 millones.<\/p>\n","protected":false},"excerpt":{"rendered":"<p>El Gobierno podr\u00eda utilizar parte del dinero proveniente de los Derechos Especiales de Giro (DEG) para los pr\u00f3ximos planes de apoyo y contenci\u00f3n de la econom\u00eda real; en el caso que la pandemia se agrave con el empeoramiento de la segunda ola del covid. Los DEG ser\u00edan habilitados desde el Fondo Monetario Internacional (FMI) entre [&hellip;]<\/p>\n","protected":false},"author":4,"featured_media":90537,"comment_status":"open","ping_status":"closed","sticky":false,"template":"","format":"standard","meta":{"om_disable_all_campaigns":false,"_jetpack_memberships_contains_paid_content":false,"footnotes":""},"categories":[621],"tags":[],"class_list":["post-90536","post","type-post","status-publish","format-standard","has-post-thumbnail","hentry","category-regionales"],"aioseo_notices":[],"gutentor_comment":0,"jetpack_featured_media_url":"https:\/\/eldiariodesanpedro.com.ar\/sitio\/wp-content\/uploads\/2021\/04\/IFE-640x415-1.jpg","jetpack_shortlink":"https:\/\/wp.me\/p6RhLt-nyg","jetpack_sharing_enabled":true,"_links":{"self":[{"href":"https:\/\/eldiariodesanpedro.com.ar\/sitio\/wp-json\/wp\/v2\/posts\/90536","targetHints":{"allow":["GET"]}}],"collection":[{"href":"https:\/\/eldiariodesanpedro.com.ar\/sitio\/wp-json\/wp\/v2\/posts"}],"about":[{"href":"https:\/\/eldiariodesanpedro.com.ar\/sitio\/wp-json\/wp\/v2\/types\/post"}],"author":[{"embeddable":true,"href":"https:\/\/eldiariodesanpedro.com.ar\/sitio\/wp-json\/wp\/v2\/users\/4"}],"replies":[{"embeddable":true,"href":"https:\/\/eldiariodesanpedro.com.ar\/sitio\/wp-json\/wp\/v2\/comments?post=90536"}],"version-history":[{"count":1,"href":"https:\/\/eldiariodesanpedro.com.ar\/sitio\/wp-json\/wp\/v2\/posts\/90536\/revisions"}],"predecessor-version":[{"id":90538,"href":"https:\/\/eldiariodesanpedro.com.ar\/sitio\/wp-json\/wp\/v2\/posts\/90536\/revisions\/90538"}],"wp:featuredmedia":[{"embeddable":true,"href":"https:\/\/eldiariodesanpedro.com.ar\/sitio\/wp-json\/wp\/v2\/media\/90537"}],"wp:attachment":[{"href":"https:\/\/eldiariodesanpedro.com.ar\/sitio\/wp-json\/wp\/v2\/media?parent=90536"}],"wp:term":[{"taxonomy":"category","embeddable":true,"href":"https:\/\/eldiariodesanpedro.com.ar\/sitio\/wp-json\/wp\/v2\/categories?post=90536"},{"taxonomy":"post_tag","embeddable":true,"href":"https:\/\/eldiariodesanpedro.com.ar\/sitio\/wp-json\/wp\/v2\/tags?post=90536"}],"curies":[{"name":"wp","href":"https:\/\/api.w.org\/{rel}","templated":true}]}}