{"id":90534,"date":"2021-04-07T10:53:46","date_gmt":"2021-04-07T13:53:46","guid":{"rendered":"https:\/\/eldiariodesanpedro.com.ar\/sitio\/?p=90534"},"modified":"2021-04-07T10:53:50","modified_gmt":"2021-04-07T13:53:50","slug":"coronavirus-34-negativos-y-31-positivos-los-activos-ascienden-a-90","status":"publish","type":"post","link":"https:\/\/eldiariodesanpedro.com.ar\/sitio\/coronavirus-34-negativos-y-31-positivos-los-activos-ascienden-a-90\/","title":{"rendered":"Coronavirus: 34 negativos y 31 positivos, los activos ascienden a 90"},"content":{"rendered":"<!-- VideographyWP Plugin Message: Automatic video embedding prevented by plugin options. -->\n\n<p>La Secretar\u00eda de Salud de la Municipalidad de San Pedro brinda el informe que acompa\u00f1a la placa del d\u00eda de la fecha, en el seguimiento de la Pandemia de Covid-19.<\/p>\n\n\n\n<p>En el d\u00eda de hoy se recibieron los resultados del \u00faltimo env\u00edo de muestras con 32 negativos y 29 positivos.<\/p>\n\n\n\n<p>Los positivos est\u00e1n divididos en:<br>18 mujeres de 1, 16, 25, 28, 30, 31, 32, 34, 37, 39(2), 40, 41, 44, 51, 52, 60 y 79 a\u00f1os.<br>11 hombres de 17, 30, 36, 38(3), 39, 46, 52 y 59(2) a\u00f1os.<\/p>\n\n\n\n<p>Por testeos r\u00e1pidos realizados en el Laboratorio del Hospital, se registran 2 resultados negativos y 2 positivos en hombres de 45 y 74 a\u00f1os.<\/p>\n\n\n\n<p>Se incorporan a la estad\u00edstica oficial 23 altas.<br><br>Resumen actualizado de informaci\u00f3n oficial<br>Positivos desde el inicio de la Pandemia: 2572<br>Activos: 90<br>Recuperados: 2397<br>Fallecidos: 85<br>Negativos desde el inicio de la Pandemia: 4086<\/p>\n\n\n\n<p>Los datos consignados en este informe corresponden a casos analizados a trav\u00e9s hisopados realizados en los \u00abconsultorios amarillos\u00bb analizados por el Laboratorio Central Lab y testeos r\u00e1pidos efectuados en el Laboratorio del Hospital.<\/p>\n\n\n\n<p>&#x1f449; Usar tapabocas.<br>&#x1f449; Mantener la distancia m\u00ednima de 2 metros.<br>&#x1f449; Extremar la higiene de los espacios.<br>&#x1f449; Mantener las manos limpias.<\/p>\n\n\n\n<p>Se recuerda que, ante s\u00edntomas de tos seca, fiebre y dolor de garganta se puede llamar al 148 o 107.<\/p>\n","protected":false},"excerpt":{"rendered":"<p>La Secretar\u00eda de Salud de la Municipalidad de San Pedro brinda el informe que acompa\u00f1a la placa del d\u00eda de la fecha, en el seguimiento de la Pandemia de Covid-19. En el d\u00eda de hoy se recibieron los resultados del \u00faltimo env\u00edo de muestras con 32 negativos y 29 positivos. Los positivos est\u00e1n divididos en:18 [&hellip;]<\/p>\n","protected":false},"author":4,"featured_media":75824,"comment_status":"open","ping_status":"closed","sticky":false,"template":"","format":"standard","meta":{"om_disable_all_campaigns":false,"_jetpack_memberships_contains_paid_content":false,"footnotes":""},"categories":[50,101,2],"tags":[],"class_list":["post-90534","post","type-post","status-publish","format-standard","has-post-thumbnail","hentry","category-destacadas","category-interes-general-locales","category-locales"],"aioseo_notices":[],"gutentor_comment":0,"jetpack_featured_media_url":"https:\/\/eldiariodesanpedro.com.ar\/sitio\/wp-content\/uploads\/2020\/06\/coronavirus-2_124fd4e7k7j5f1lzjl9z2tf65c.jpg","jetpack_shortlink":"https:\/\/wp.me\/p6RhLt-nye","jetpack_sharing_enabled":true,"_links":{"self":[{"href":"https:\/\/eldiariodesanpedro.com.ar\/sitio\/wp-json\/wp\/v2\/posts\/90534","targetHints":{"allow":["GET"]}}],"collection":[{"href":"https:\/\/eldiariodesanpedro.com.ar\/sitio\/wp-json\/wp\/v2\/posts"}],"about":[{"href":"https:\/\/eldiariodesanpedro.com.ar\/sitio\/wp-json\/wp\/v2\/types\/post"}],"author":[{"embeddable":true,"href":"https:\/\/eldiariodesanpedro.com.ar\/sitio\/wp-json\/wp\/v2\/users\/4"}],"replies":[{"embeddable":true,"href":"https:\/\/eldiariodesanpedro.com.ar\/sitio\/wp-json\/wp\/v2\/comments?post=90534"}],"version-history":[{"count":1,"href":"https:\/\/eldiariodesanpedro.com.ar\/sitio\/wp-json\/wp\/v2\/posts\/90534\/revisions"}],"predecessor-version":[{"id":90535,"href":"https:\/\/eldiariodesanpedro.com.ar\/sitio\/wp-json\/wp\/v2\/posts\/90534\/revisions\/90535"}],"wp:featuredmedia":[{"embeddable":true,"href":"https:\/\/eldiariodesanpedro.com.ar\/sitio\/wp-json\/wp\/v2\/media\/75824"}],"wp:attachment":[{"href":"https:\/\/eldiariodesanpedro.com.ar\/sitio\/wp-json\/wp\/v2\/media?parent=90534"}],"wp:term":[{"taxonomy":"category","embeddable":true,"href":"https:\/\/eldiariodesanpedro.com.ar\/sitio\/wp-json\/wp\/v2\/categories?post=90534"},{"taxonomy":"post_tag","embeddable":true,"href":"https:\/\/eldiariodesanpedro.com.ar\/sitio\/wp-json\/wp\/v2\/tags?post=90534"}],"curies":[{"name":"wp","href":"https:\/\/api.w.org\/{rel}","templated":true}]}}