{"id":90529,"date":"2021-04-07T10:38:33","date_gmt":"2021-04-07T13:38:33","guid":{"rendered":"https:\/\/eldiariodesanpedro.com.ar\/sitio\/?p=90529"},"modified":"2021-04-07T10:38:37","modified_gmt":"2021-04-07T13:38:37","slug":"celupaper-continua-con-el-conflicto-laboral-hace-mas-de-una-semana","status":"publish","type":"post","link":"https:\/\/eldiariodesanpedro.com.ar\/sitio\/celupaper-continua-con-el-conflicto-laboral-hace-mas-de-una-semana\/","title":{"rendered":"Celupaper continua con el conflicto laboral hace mas de una semana"},"content":{"rendered":"<!-- VideographyWP Plugin Message: Automatic video embedding prevented by plugin options. -->\n\n<p>Desde el lunes de la semana pasada que los empleados de la empresa Celupaper S.A. se encuentran realizando una protesta por reclamos salariales.<\/p>\n\n\n\n<p>En el d\u00eda de la fecha se informo la Secretaria de Trabajo realizara un cuarto intermedio en las negociaciones con los trabajadores y los gremios desde ayer hasta el mediod\u00eda de hoy.<\/p>\n\n\n\n<p>Seg\u00fan declararon los propietarios de la fabrica se pidi\u00f3 la conciliaci\u00f3n obligatoria a la Secretar\u00eda de Trabajo, pero fue descartada por los empleados.<\/p>\n\n\n\n<p>El conflicto comenz\u00f3 el lunes 29 de marzo y todav\u00eda no tuvo una resoluci\u00f3n favorable en relaci\u00f3n a las cuestiones que reclaman los trabajadores: sueldos, afiliaciones, incumplimiento del acuerdo paritario, presentismo y descuentos desmedidos e inadecuado, m\u00e1s otras irregularidades que se han advertido en todas las plantas, no s\u00f3lo en San Pedro.<\/p>\n","protected":false},"excerpt":{"rendered":"<p>Desde el lunes de la semana pasada que los empleados de la empresa Celupaper S.A. se encuentran realizando una protesta por reclamos salariales. En el d\u00eda de la fecha se informo la Secretaria de Trabajo realizara un cuarto intermedio en las negociaciones con los trabajadores y los gremios desde ayer hasta el mediod\u00eda de hoy. [&hellip;]<\/p>\n","protected":false},"author":4,"featured_media":90044,"comment_status":"open","ping_status":"closed","sticky":false,"template":"","format":"standard","meta":{"om_disable_all_campaigns":false,"_jetpack_memberships_contains_paid_content":false,"footnotes":""},"categories":[50,101,2],"tags":[],"class_list":["post-90529","post","type-post","status-publish","format-standard","has-post-thumbnail","hentry","category-destacadas","category-interes-general-locales","category-locales"],"aioseo_notices":[],"gutentor_comment":0,"jetpack_featured_media_url":"https:\/\/eldiariodesanpedro.com.ar\/sitio\/wp-content\/uploads\/2021\/03\/celupaper_paro_2.jpg","jetpack_shortlink":"https:\/\/wp.me\/p6RhLt-ny9","jetpack_sharing_enabled":true,"_links":{"self":[{"href":"https:\/\/eldiariodesanpedro.com.ar\/sitio\/wp-json\/wp\/v2\/posts\/90529","targetHints":{"allow":["GET"]}}],"collection":[{"href":"https:\/\/eldiariodesanpedro.com.ar\/sitio\/wp-json\/wp\/v2\/posts"}],"about":[{"href":"https:\/\/eldiariodesanpedro.com.ar\/sitio\/wp-json\/wp\/v2\/types\/post"}],"author":[{"embeddable":true,"href":"https:\/\/eldiariodesanpedro.com.ar\/sitio\/wp-json\/wp\/v2\/users\/4"}],"replies":[{"embeddable":true,"href":"https:\/\/eldiariodesanpedro.com.ar\/sitio\/wp-json\/wp\/v2\/comments?post=90529"}],"version-history":[{"count":1,"href":"https:\/\/eldiariodesanpedro.com.ar\/sitio\/wp-json\/wp\/v2\/posts\/90529\/revisions"}],"predecessor-version":[{"id":90530,"href":"https:\/\/eldiariodesanpedro.com.ar\/sitio\/wp-json\/wp\/v2\/posts\/90529\/revisions\/90530"}],"wp:featuredmedia":[{"embeddable":true,"href":"https:\/\/eldiariodesanpedro.com.ar\/sitio\/wp-json\/wp\/v2\/media\/90044"}],"wp:attachment":[{"href":"https:\/\/eldiariodesanpedro.com.ar\/sitio\/wp-json\/wp\/v2\/media?parent=90529"}],"wp:term":[{"taxonomy":"category","embeddable":true,"href":"https:\/\/eldiariodesanpedro.com.ar\/sitio\/wp-json\/wp\/v2\/categories?post=90529"},{"taxonomy":"post_tag","embeddable":true,"href":"https:\/\/eldiariodesanpedro.com.ar\/sitio\/wp-json\/wp\/v2\/tags?post=90529"}],"curies":[{"name":"wp","href":"https:\/\/api.w.org\/{rel}","templated":true}]}}