{"id":90524,"date":"2021-04-07T09:52:06","date_gmt":"2021-04-07T12:52:06","guid":{"rendered":"https:\/\/eldiariodesanpedro.com.ar\/sitio\/?p=90524"},"modified":"2021-04-07T09:52:10","modified_gmt":"2021-04-07T12:52:10","slug":"dos-aprehendidos-por-tenencia-de-estupefacientes-en-la-calle","status":"publish","type":"post","link":"https:\/\/eldiariodesanpedro.com.ar\/sitio\/dos-aprehendidos-por-tenencia-de-estupefacientes-en-la-calle\/","title":{"rendered":"Dos aprehendidos por tenencia de estupefacientes en la calle"},"content":{"rendered":"<!-- VideographyWP Plugin Message: Automatic video embedding prevented by plugin options. -->\n\n<p>En la jornada de ayer se realizaron dos aprehesiones de ciudadanos que se encontraban consumiendo estupefacientes sobre la v\u00eda p\u00fablica.<\/p>\n\n\n\n<p>En primer lugar en calle Juan de Garay esquina 11 de Septiembre trasladan a masculino de 25 a\u00f1os, oriundo de la Matanza, vendedor ambulante, secuestrandose en su poder cigarrillo de marihuana.&nbsp;&nbsp;&nbsp;<\/p>\n\n\n\n<p>Luego m\u00e1s tarde en calle Combate de Obligado y Ruffa trasladan&nbsp; a masculino de 35 a\u00f1os, secuestrando en su poder un envoltorio nylon denominado com\u00fanmente \u201cbaguyo\u201d de sustancia ilegal marihuana.<\/p>\n\n\n\n<p>Ambos ciudadanos fueron trasladados a la comisar\u00eda local donde luego de ser informados por la causa fueron puestos en libertad.<\/p>\n","protected":false},"excerpt":{"rendered":"<p>En la jornada de ayer se realizaron dos aprehesiones de ciudadanos que se encontraban consumiendo estupefacientes sobre la v\u00eda p\u00fablica. En primer lugar en calle Juan de Garay esquina 11 de Septiembre trasladan a masculino de 25 a\u00f1os, oriundo de la Matanza, vendedor ambulante, secuestrandose en su poder cigarrillo de marihuana.&nbsp;&nbsp;&nbsp; Luego m\u00e1s tarde en [&hellip;]<\/p>\n","protected":false},"author":4,"featured_media":66577,"comment_status":"open","ping_status":"closed","sticky":false,"template":"","format":"standard","meta":{"om_disable_all_campaigns":false,"_jetpack_memberships_contains_paid_content":false,"footnotes":""},"categories":[2,103],"tags":[],"class_list":["post-90524","post","type-post","status-publish","format-standard","has-post-thumbnail","hentry","category-locales","category-policiales-locales"],"aioseo_notices":[],"gutentor_comment":0,"jetpack_featured_media_url":"https:\/\/eldiariodesanpedro.com.ar\/sitio\/wp-content\/uploads\/2020\/01\/Poli-detenido-A.png","jetpack_shortlink":"https:\/\/wp.me\/p6RhLt-ny4","jetpack_sharing_enabled":true,"_links":{"self":[{"href":"https:\/\/eldiariodesanpedro.com.ar\/sitio\/wp-json\/wp\/v2\/posts\/90524","targetHints":{"allow":["GET"]}}],"collection":[{"href":"https:\/\/eldiariodesanpedro.com.ar\/sitio\/wp-json\/wp\/v2\/posts"}],"about":[{"href":"https:\/\/eldiariodesanpedro.com.ar\/sitio\/wp-json\/wp\/v2\/types\/post"}],"author":[{"embeddable":true,"href":"https:\/\/eldiariodesanpedro.com.ar\/sitio\/wp-json\/wp\/v2\/users\/4"}],"replies":[{"embeddable":true,"href":"https:\/\/eldiariodesanpedro.com.ar\/sitio\/wp-json\/wp\/v2\/comments?post=90524"}],"version-history":[{"count":1,"href":"https:\/\/eldiariodesanpedro.com.ar\/sitio\/wp-json\/wp\/v2\/posts\/90524\/revisions"}],"predecessor-version":[{"id":90525,"href":"https:\/\/eldiariodesanpedro.com.ar\/sitio\/wp-json\/wp\/v2\/posts\/90524\/revisions\/90525"}],"wp:featuredmedia":[{"embeddable":true,"href":"https:\/\/eldiariodesanpedro.com.ar\/sitio\/wp-json\/wp\/v2\/media\/66577"}],"wp:attachment":[{"href":"https:\/\/eldiariodesanpedro.com.ar\/sitio\/wp-json\/wp\/v2\/media?parent=90524"}],"wp:term":[{"taxonomy":"category","embeddable":true,"href":"https:\/\/eldiariodesanpedro.com.ar\/sitio\/wp-json\/wp\/v2\/categories?post=90524"},{"taxonomy":"post_tag","embeddable":true,"href":"https:\/\/eldiariodesanpedro.com.ar\/sitio\/wp-json\/wp\/v2\/tags?post=90524"}],"curies":[{"name":"wp","href":"https:\/\/api.w.org\/{rel}","templated":true}]}}