{"id":90520,"date":"2021-04-07T09:42:31","date_gmt":"2021-04-07T12:42:31","guid":{"rendered":"https:\/\/eldiariodesanpedro.com.ar\/sitio\/?p=90520"},"modified":"2021-04-07T09:42:36","modified_gmt":"2021-04-07T12:42:36","slug":"una-mujer-aprehendida-por-agredir-con-una-cuchilla-a-su-pareja","status":"publish","type":"post","link":"https:\/\/eldiariodesanpedro.com.ar\/sitio\/una-mujer-aprehendida-por-agredir-con-una-cuchilla-a-su-pareja\/","title":{"rendered":"Una mujer aprehendida por agredir con una cuchilla a su pareja"},"content":{"rendered":"<!-- VideographyWP Plugin Message: Automatic video embedding prevented by plugin options. -->\n\n<p>En la noche de este martes se recibi\u00f3 una denuncia al 911 por parte de ciudadanos que informaban un conflicto familiar en el barrio Bajo Puerto donde se hicieron presentes m\u00f3viles policiales.&nbsp;<\/p>\n\n\n\n<p>Anoche el personal policial acude a el barrio Bajo Puerto poste 28, por un conflicto familiar, donde se logra aprehender a femenina de 34 a\u00f1os, en su poder arma blanca, \u201choja de cuchilla filosa\u201d utilizada esta momentos antes para amenazar a pareja actual masculino de 53 a\u00f1os, ra\u00edz&nbsp; haber mantenido discusi\u00f3n conyugal.<\/p>\n\n\n\n<p>La agresora fue trasladada a Comisar\u00eda quedando a disposici\u00f3n de la Justicia y la v\u00edctima fue asistida en la Comisar\u00eda de la Mujer donde prest\u00f3 su testimonio al respecto.<\/p>\n\n\n\n<figure class=\"wp-block-image size-large\"><img decoding=\"async\" width=\"581\" height=\"657\" data-attachment-id=\"90521\" data-permalink=\"https:\/\/eldiariodesanpedro.com.ar\/sitio\/una-mujer-aprehendida-por-agredir-con-una-cuchilla-a-su-pareja\/whatsapp-image-2021-04-07-at-09-17-34\/\" data-orig-file=\"https:\/\/eldiariodesanpedro.com.ar\/sitio\/wp-content\/uploads\/2021\/04\/WhatsApp-Image-2021-04-07-at-09.17.34.jpeg\" data-orig-size=\"581,657\" data-comments-opened=\"1\" data-image-meta=\"{&quot;aperture&quot;:&quot;0&quot;,&quot;credit&quot;:&quot;&quot;,&quot;camera&quot;:&quot;&quot;,&quot;caption&quot;:&quot;&quot;,&quot;created_timestamp&quot;:&quot;0&quot;,&quot;copyright&quot;:&quot;&quot;,&quot;focal_length&quot;:&quot;0&quot;,&quot;iso&quot;:&quot;0&quot;,&quot;shutter_speed&quot;:&quot;0&quot;,&quot;title&quot;:&quot;&quot;,&quot;orientation&quot;:&quot;0&quot;}\" data-image-title=\"WhatsApp Image 2021-04-07 at 09.17.34\" data-image-description=\"\" data-image-caption=\"\" data-large-file=\"https:\/\/eldiariodesanpedro.com.ar\/sitio\/wp-content\/uploads\/2021\/04\/WhatsApp-Image-2021-04-07-at-09.17.34.jpeg\" data-src=\"https:\/\/eldiariodesanpedro.com.ar\/sitio\/wp-content\/uploads\/2021\/04\/WhatsApp-Image-2021-04-07-at-09.17.34.jpeg\" alt=\"\" class=\"wp-image-90521 lazyload\" data-srcset=\"https:\/\/eldiariodesanpedro.com.ar\/sitio\/wp-content\/uploads\/2021\/04\/WhatsApp-Image-2021-04-07-at-09.17.34.jpeg 581w, https:\/\/eldiariodesanpedro.com.ar\/sitio\/wp-content\/uploads\/2021\/04\/WhatsApp-Image-2021-04-07-at-09.17.34-265x300.jpeg 265w\" data-sizes=\"(max-width: 581px) 100vw, 581px\" src=\"data:image\/svg+xml;base64,PHN2ZyB3aWR0aD0iMSIgaGVpZ2h0PSIxIiB4bWxucz0iaHR0cDovL3d3dy53My5vcmcvMjAwMC9zdmciPjwvc3ZnPg==\" style=\"--smush-placeholder-width: 581px; --smush-placeholder-aspect-ratio: 581\/657;\" \/><\/figure>\n","protected":false},"excerpt":{"rendered":"<p>En la noche de este martes se recibi\u00f3 una denuncia al 911 por parte de ciudadanos que informaban un conflicto familiar en el barrio Bajo Puerto donde se hicieron presentes m\u00f3viles policiales.&nbsp; Anoche el personal policial acude a el barrio Bajo Puerto poste 28, por un conflicto familiar, donde se logra aprehender a femenina de [&hellip;]<\/p>\n","protected":false},"author":4,"featured_media":90522,"comment_status":"open","ping_status":"closed","sticky":false,"template":"","format":"standard","meta":{"om_disable_all_campaigns":false,"_jetpack_memberships_contains_paid_content":false,"footnotes":""},"categories":[2,103],"tags":[],"class_list":["post-90520","post","type-post","status-publish","format-standard","has-post-thumbnail","hentry","category-locales","category-policiales-locales"],"aioseo_notices":[],"gutentor_comment":0,"jetpack_featured_media_url":"https:\/\/eldiariodesanpedro.com.ar\/sitio\/wp-content\/uploads\/2021\/04\/WhatsApp-Image-2021-04-07-at-09.17.35.jpeg","jetpack_shortlink":"https:\/\/wp.me\/p6RhLt-ny0","jetpack_sharing_enabled":true,"_links":{"self":[{"href":"https:\/\/eldiariodesanpedro.com.ar\/sitio\/wp-json\/wp\/v2\/posts\/90520","targetHints":{"allow":["GET"]}}],"collection":[{"href":"https:\/\/eldiariodesanpedro.com.ar\/sitio\/wp-json\/wp\/v2\/posts"}],"about":[{"href":"https:\/\/eldiariodesanpedro.com.ar\/sitio\/wp-json\/wp\/v2\/types\/post"}],"author":[{"embeddable":true,"href":"https:\/\/eldiariodesanpedro.com.ar\/sitio\/wp-json\/wp\/v2\/users\/4"}],"replies":[{"embeddable":true,"href":"https:\/\/eldiariodesanpedro.com.ar\/sitio\/wp-json\/wp\/v2\/comments?post=90520"}],"version-history":[{"count":1,"href":"https:\/\/eldiariodesanpedro.com.ar\/sitio\/wp-json\/wp\/v2\/posts\/90520\/revisions"}],"predecessor-version":[{"id":90523,"href":"https:\/\/eldiariodesanpedro.com.ar\/sitio\/wp-json\/wp\/v2\/posts\/90520\/revisions\/90523"}],"wp:featuredmedia":[{"embeddable":true,"href":"https:\/\/eldiariodesanpedro.com.ar\/sitio\/wp-json\/wp\/v2\/media\/90522"}],"wp:attachment":[{"href":"https:\/\/eldiariodesanpedro.com.ar\/sitio\/wp-json\/wp\/v2\/media?parent=90520"}],"wp:term":[{"taxonomy":"category","embeddable":true,"href":"https:\/\/eldiariodesanpedro.com.ar\/sitio\/wp-json\/wp\/v2\/categories?post=90520"},{"taxonomy":"post_tag","embeddable":true,"href":"https:\/\/eldiariodesanpedro.com.ar\/sitio\/wp-json\/wp\/v2\/tags?post=90520"}],"curies":[{"name":"wp","href":"https:\/\/api.w.org\/{rel}","templated":true}]}}