{"id":90511,"date":"2021-04-07T09:09:29","date_gmt":"2021-04-07T12:09:29","guid":{"rendered":"https:\/\/eldiariodesanpedro.com.ar\/sitio\/?p=90511"},"modified":"2021-04-07T09:09:33","modified_gmt":"2021-04-07T12:09:33","slug":"una-mujer-denuncio-a-su-ex-pareja-por-haberla-obligado-a-mantener-relaciones-sexuales-en-reiteradas-ocasiones","status":"publish","type":"post","link":"https:\/\/eldiariodesanpedro.com.ar\/sitio\/una-mujer-denuncio-a-su-ex-pareja-por-haberla-obligado-a-mantener-relaciones-sexuales-en-reiteradas-ocasiones\/","title":{"rendered":"Una mujer denuncio a su ex pareja por haberla obligado a mantener relaciones sexuales en reiteradas ocasiones"},"content":{"rendered":"<!-- VideographyWP Plugin Message: Automatic video embedding prevented by plugin options. -->\n\n<p>En la jornada de ayer se recibi\u00f3 una denuncia en la Comisaria de la Mujer y la Familia por parte de una joven vecina de la localidad de R\u00edo Tala quien denuncia a su ex pareja por abuso sexual.<\/p>\n\n\n\n<p>Este martes por la tarde una femenina de 22 a\u00f1os de edad se acerc\u00f3 a la Comisar\u00eda de la Mujer y la Familia junto a su hermana de 30 a\u00f1os para realizar una denuncia contra su ex pareja de 26 a\u00f1os quien habria mantenido relaciones sexuales contra su voluntad en reiteradas veces.<\/p>\n\n\n\n<p>Cansada de la situaci\u00f3n la v\u00edctima dialog\u00f3 con sus familiares la cual la ayudaron a realizar la correspondiente denuncia y desde la comisar\u00eda acompa\u00f1\u00f3 a la joven junto a sus hijos para dejar su vivienda y ser trasladada a la casa de un familiar donde estar\u00e1 resguardada adem\u00e1s de recibir la contenci\u00f3n psicol\u00f3gica necesaria.<\/p>\n\n\n\n<p>El agresor por el momento solo fue notificado de la causa sin ser aprehendido.<\/p>\n","protected":false},"excerpt":{"rendered":"<p>En la jornada de ayer se recibi\u00f3 una denuncia en la Comisaria de la Mujer y la Familia por parte de una joven vecina de la localidad de R\u00edo Tala quien denuncia a su ex pareja por abuso sexual. Este martes por la tarde una femenina de 22 a\u00f1os de edad se acerc\u00f3 a la [&hellip;]<\/p>\n","protected":false},"author":4,"featured_media":80098,"comment_status":"open","ping_status":"closed","sticky":false,"template":"","format":"standard","meta":{"om_disable_all_campaigns":false,"_jetpack_memberships_contains_paid_content":false,"footnotes":""},"categories":[50,2,103],"tags":[],"class_list":["post-90511","post","type-post","status-publish","format-standard","has-post-thumbnail","hentry","category-destacadas","category-locales","category-policiales-locales"],"aioseo_notices":[],"gutentor_comment":0,"jetpack_featured_media_url":"https:\/\/eldiariodesanpedro.com.ar\/sitio\/wp-content\/uploads\/2020\/08\/la-comisaria-de-la-mujer___w9ngJVkEw_640x361__1.jpg","jetpack_shortlink":"https:\/\/wp.me\/p6RhLt-nxR","jetpack_sharing_enabled":true,"_links":{"self":[{"href":"https:\/\/eldiariodesanpedro.com.ar\/sitio\/wp-json\/wp\/v2\/posts\/90511","targetHints":{"allow":["GET"]}}],"collection":[{"href":"https:\/\/eldiariodesanpedro.com.ar\/sitio\/wp-json\/wp\/v2\/posts"}],"about":[{"href":"https:\/\/eldiariodesanpedro.com.ar\/sitio\/wp-json\/wp\/v2\/types\/post"}],"author":[{"embeddable":true,"href":"https:\/\/eldiariodesanpedro.com.ar\/sitio\/wp-json\/wp\/v2\/users\/4"}],"replies":[{"embeddable":true,"href":"https:\/\/eldiariodesanpedro.com.ar\/sitio\/wp-json\/wp\/v2\/comments?post=90511"}],"version-history":[{"count":1,"href":"https:\/\/eldiariodesanpedro.com.ar\/sitio\/wp-json\/wp\/v2\/posts\/90511\/revisions"}],"predecessor-version":[{"id":90512,"href":"https:\/\/eldiariodesanpedro.com.ar\/sitio\/wp-json\/wp\/v2\/posts\/90511\/revisions\/90512"}],"wp:featuredmedia":[{"embeddable":true,"href":"https:\/\/eldiariodesanpedro.com.ar\/sitio\/wp-json\/wp\/v2\/media\/80098"}],"wp:attachment":[{"href":"https:\/\/eldiariodesanpedro.com.ar\/sitio\/wp-json\/wp\/v2\/media?parent=90511"}],"wp:term":[{"taxonomy":"category","embeddable":true,"href":"https:\/\/eldiariodesanpedro.com.ar\/sitio\/wp-json\/wp\/v2\/categories?post=90511"},{"taxonomy":"post_tag","embeddable":true,"href":"https:\/\/eldiariodesanpedro.com.ar\/sitio\/wp-json\/wp\/v2\/tags?post=90511"}],"curies":[{"name":"wp","href":"https:\/\/api.w.org\/{rel}","templated":true}]}}