{"id":90509,"date":"2021-04-07T08:56:32","date_gmt":"2021-04-07T11:56:32","guid":{"rendered":"https:\/\/eldiariodesanpedro.com.ar\/sitio\/?p=90509"},"modified":"2021-04-07T09:26:37","modified_gmt":"2021-04-07T12:26:37","slug":"denuncia-por-abusos-reiterados-de-un-ciudadano-con-discapacidad-por-parte-de-su-padrastro","status":"publish","type":"post","link":"https:\/\/eldiariodesanpedro.com.ar\/sitio\/denuncia-por-abusos-reiterados-de-un-ciudadano-con-discapacidad-por-parte-de-su-padrastro\/","title":{"rendered":"Denuncia por abusos reiterados de un ciudadano con discapacidad por parte de su padrastro"},"content":{"rendered":"<!-- VideographyWP Plugin Message: Automatic video embedding prevented by plugin options. -->\n\n<p>En la tarde de ayer se conoci\u00f3 un aberrante hecho donde un ciudadano que sufre de retraso madurativo denunci\u00f3 en la Comisar\u00eda de la Mujer y la Familia haber recibido abusos sexuales entre otras cosas por su padrastro quien adem\u00e1s lo ten\u00eda encerrado contra su voluntad por lo que en la tarde de ayer se orden\u00f3 la detenci\u00f3n de esta persona.&nbsp;<\/p>\n\n\n\n<p>Este martes en horas de la tarde sali\u00f3 a la luz este aberrante hecho donde un ciudadano de 37 a\u00f1os de edad denunci\u00f3 haber estado cautivo y sufrir abusos sexuales entre otras cosas, todo comenz\u00f3 cuando el lunes en horas de la tarde esta persona que sufre de retraso madurativo logr\u00f3 escapar de la casa y llegar hasta la casa de un vecino donde logra contar lo que le sucede.<\/p>\n\n\n\n<p>Al otro d\u00eda los vecinos de la zona de la casa ubicada en calle Benefactora Sampedrina al 2800 realizan un comienzo de linchamiento hacia el padrastro del denunciante quien intimida a los manifestantes con un arma de fuego por lo que a la llegada de los m\u00f3viles policiales este hombre denunciado es aprehendido por abuso de armas.<\/p>\n\n\n\n<p>Seg\u00fan pudo declarar la v\u00edctima, el denunciado es su padrastro de 55 a\u00f1os de edad y es quien qued\u00f3 a cargo del ciudadano con discapacidad cuando falleci\u00f3 su madre, inclusive viviendo en la casa que \u00e9l denunciante hered\u00f3.\u00a0\u00a0<\/p>\n\n\n\n<p>El joven fue asistido en la guardia del hospital donde se pudo determinar las heridas denunciadas, adem\u00e1s de una gran p\u00e9rdida de peso por la falta de alimentaci\u00f3n.<\/p>\n\n\n\n<p>Intervino el \u00e1rea que dirige Laura Monfasani para realizar el acompa\u00f1amiento necesario y que esta persona reciba la asistencia psicol\u00f3gica necesaria y adem\u00e1s tomar la denuncia por todos los abusos que se pudo determinar que viene sucediendo desde largo tiempo.<\/p>\n\n\n\n<p>El padrastro de la v\u00edctima se encuentra \u201caprehendido\u201d en la comisar\u00eda local pero por la causa de abuso de armas que sucedi\u00f3 en horas de la tarde de ayer cuando los vecinos trataron de lincharlo pero quedara alojado a disposici\u00f3n de la justicia teniendo en cuenta el aberrante hecho, por lo que se solicitar\u00e1 la detenci\u00f3n del mismo.<\/p>\n\n\n\n<figure class=\"wp-block-image size-large\"><img decoding=\"async\" width=\"1024\" height=\"768\" data-attachment-id=\"90517\" data-permalink=\"https:\/\/eldiariodesanpedro.com.ar\/sitio\/denuncia-por-abusos-reiterados-de-un-ciudadano-con-discapacidad-por-parte-de-su-padrastro\/whatsapp-image-2021-04-07-at-09-21-36\/\" data-orig-file=\"https:\/\/eldiariodesanpedro.com.ar\/sitio\/wp-content\/uploads\/2021\/04\/WhatsApp-Image-2021-04-07-at-09.21.36.jpeg\" data-orig-size=\"1280,960\" data-comments-opened=\"1\" data-image-meta=\"{&quot;aperture&quot;:&quot;0&quot;,&quot;credit&quot;:&quot;&quot;,&quot;camera&quot;:&quot;&quot;,&quot;caption&quot;:&quot;&quot;,&quot;created_timestamp&quot;:&quot;0&quot;,&quot;copyright&quot;:&quot;&quot;,&quot;focal_length&quot;:&quot;0&quot;,&quot;iso&quot;:&quot;0&quot;,&quot;shutter_speed&quot;:&quot;0&quot;,&quot;title&quot;:&quot;&quot;,&quot;orientation&quot;:&quot;0&quot;}\" data-image-title=\"WhatsApp Image 2021-04-07 at 09.21.36\" data-image-description=\"\" data-image-caption=\"\" data-large-file=\"https:\/\/eldiariodesanpedro.com.ar\/sitio\/wp-content\/uploads\/2021\/04\/WhatsApp-Image-2021-04-07-at-09.21.36-1024x768.jpeg\" data-src=\"https:\/\/eldiariodesanpedro.com.ar\/sitio\/wp-content\/uploads\/2021\/04\/WhatsApp-Image-2021-04-07-at-09.21.36-1024x768.jpeg\" alt=\"\" class=\"wp-image-90517 lazyload\" data-srcset=\"https:\/\/eldiariodesanpedro.com.ar\/sitio\/wp-content\/uploads\/2021\/04\/WhatsApp-Image-2021-04-07-at-09.21.36-1024x768.jpeg 1024w, https:\/\/eldiariodesanpedro.com.ar\/sitio\/wp-content\/uploads\/2021\/04\/WhatsApp-Image-2021-04-07-at-09.21.36-300x225.jpeg 300w, https:\/\/eldiariodesanpedro.com.ar\/sitio\/wp-content\/uploads\/2021\/04\/WhatsApp-Image-2021-04-07-at-09.21.36-768x576.jpeg 768w, https:\/\/eldiariodesanpedro.com.ar\/sitio\/wp-content\/uploads\/2021\/04\/WhatsApp-Image-2021-04-07-at-09.21.36-500x375.jpeg 500w, https:\/\/eldiariodesanpedro.com.ar\/sitio\/wp-content\/uploads\/2021\/04\/WhatsApp-Image-2021-04-07-at-09.21.36.jpeg 1280w\" data-sizes=\"(max-width: 1024px) 100vw, 1024px\" src=\"data:image\/svg+xml;base64,PHN2ZyB3aWR0aD0iMSIgaGVpZ2h0PSIxIiB4bWxucz0iaHR0cDovL3d3dy53My5vcmcvMjAwMC9zdmciPjwvc3ZnPg==\" style=\"--smush-placeholder-width: 1024px; --smush-placeholder-aspect-ratio: 1024\/768;\" \/><\/figure>\n","protected":false},"excerpt":{"rendered":"<p>En la tarde de ayer se conoci\u00f3 un aberrante hecho donde un ciudadano que sufre de retraso madurativo denunci\u00f3 en la Comisar\u00eda de la Mujer y la Familia haber recibido abusos sexuales entre otras cosas por su padrastro quien adem\u00e1s lo ten\u00eda encerrado contra su voluntad por lo que en la tarde de ayer se [&hellip;]<\/p>\n","protected":false},"author":4,"featured_media":90516,"comment_status":"open","ping_status":"closed","sticky":false,"template":"","format":"standard","meta":{"om_disable_all_campaigns":false,"_jetpack_memberships_contains_paid_content":false,"footnotes":""},"categories":[50,2,103],"tags":[],"class_list":["post-90509","post","type-post","status-publish","format-standard","has-post-thumbnail","hentry","category-destacadas","category-locales","category-policiales-locales"],"aioseo_notices":[],"gutentor_comment":0,"jetpack_featured_media_url":"https:\/\/eldiariodesanpedro.com.ar\/sitio\/wp-content\/uploads\/2021\/04\/WhatsApp-Image-2021-04-07-at-09.21.24.jpeg","jetpack_shortlink":"https:\/\/wp.me\/p6RhLt-nxP","jetpack_sharing_enabled":true,"_links":{"self":[{"href":"https:\/\/eldiariodesanpedro.com.ar\/sitio\/wp-json\/wp\/v2\/posts\/90509","targetHints":{"allow":["GET"]}}],"collection":[{"href":"https:\/\/eldiariodesanpedro.com.ar\/sitio\/wp-json\/wp\/v2\/posts"}],"about":[{"href":"https:\/\/eldiariodesanpedro.com.ar\/sitio\/wp-json\/wp\/v2\/types\/post"}],"author":[{"embeddable":true,"href":"https:\/\/eldiariodesanpedro.com.ar\/sitio\/wp-json\/wp\/v2\/users\/4"}],"replies":[{"embeddable":true,"href":"https:\/\/eldiariodesanpedro.com.ar\/sitio\/wp-json\/wp\/v2\/comments?post=90509"}],"version-history":[{"count":3,"href":"https:\/\/eldiariodesanpedro.com.ar\/sitio\/wp-json\/wp\/v2\/posts\/90509\/revisions"}],"predecessor-version":[{"id":90519,"href":"https:\/\/eldiariodesanpedro.com.ar\/sitio\/wp-json\/wp\/v2\/posts\/90509\/revisions\/90519"}],"wp:featuredmedia":[{"embeddable":true,"href":"https:\/\/eldiariodesanpedro.com.ar\/sitio\/wp-json\/wp\/v2\/media\/90516"}],"wp:attachment":[{"href":"https:\/\/eldiariodesanpedro.com.ar\/sitio\/wp-json\/wp\/v2\/media?parent=90509"}],"wp:term":[{"taxonomy":"category","embeddable":true,"href":"https:\/\/eldiariodesanpedro.com.ar\/sitio\/wp-json\/wp\/v2\/categories?post=90509"},{"taxonomy":"post_tag","embeddable":true,"href":"https:\/\/eldiariodesanpedro.com.ar\/sitio\/wp-json\/wp\/v2\/tags?post=90509"}],"curies":[{"name":"wp","href":"https:\/\/api.w.org\/{rel}","templated":true}]}}