{"id":90507,"date":"2021-04-07T08:34:04","date_gmt":"2021-04-07T11:34:04","guid":{"rendered":"https:\/\/eldiariodesanpedro.com.ar\/sitio\/?p=90507"},"modified":"2021-04-07T08:34:08","modified_gmt":"2021-04-07T11:34:08","slug":"cronograma-de-pagos-anses-para-hoy-miercoles-3","status":"publish","type":"post","link":"https:\/\/eldiariodesanpedro.com.ar\/sitio\/cronograma-de-pagos-anses-para-hoy-miercoles-3\/","title":{"rendered":"Cronograma de pagos Anses para hoy mi\u00e9rcoles"},"content":{"rendered":"<!-- VideographyWP Plugin Message: Automatic video embedding prevented by plugin options. -->\n\n<p><strong>El organismo, a cargo de la Lic. Fernanda Raverta, informa que hoy se abonan Pensiones No Contributivas (PNC).<\/strong><\/p>\n\n\n\n<p><strong>Pago del primer bono de 1500 pesos<\/strong><\/p>\n\n\n\n<p><strong>&nbsp;&nbsp;&nbsp;&nbsp;&nbsp;&nbsp;&nbsp;&nbsp; Al aumento del 8,07 por ciento vigente desde marzo, este mes se paga el&nbsp;<\/strong><strong>primer bono de 1500 pesos para los jubilados, jubiladas, pensionados y pensionadas con ingresos de hasta 30.856 pesos<\/strong><strong>. El segundo se abonar\u00e1 durante el pr\u00f3ximo mes. De esta forma, el haber m\u00ednimo ser\u00e1 de&nbsp;<\/strong><strong>22.071 pesos<\/strong><strong>&nbsp;en abril y mayo.&nbsp;<\/strong><strong>E<\/strong>l<strong>&nbsp;Estado, as\u00ed, realizar\u00e1 una inversi\u00f3n de 14,4 mil millones de pesos (por abril y mayo) para proteger los ingresos e impulsar el consumo<\/strong>.<\/p>\n\n\n\n<p><strong>Pensiones No Contributivas<\/strong><\/p>\n\n\n\n<p>Las sucursales bancarias habilitadas atender\u00e1n por ventanilla solo a titulares de Pensiones No Contributivas (PNC) que deban cobrar su haber de abril con documentos terminados en&nbsp;<strong>4&nbsp;<\/strong>y&nbsp;<strong>5<\/strong>.<\/p>\n\n\n\n<p>En este sentido, si bien estas personas no tienen que solicitar turno previo para cobrar este beneficio,&nbsp;deben acercarse a la sucursal bancaria \u00fanicamente en la fecha asignada. Cabe recordar que los haberes permanecer\u00e1n depositados en sus cuentas.<\/p>\n","protected":false},"excerpt":{"rendered":"<p>El organismo, a cargo de la Lic. Fernanda Raverta, informa que hoy se abonan Pensiones No Contributivas (PNC). Pago del primer bono de 1500 pesos &nbsp;&nbsp;&nbsp;&nbsp;&nbsp;&nbsp;&nbsp;&nbsp; Al aumento del 8,07 por ciento vigente desde marzo, este mes se paga el&nbsp;primer bono de 1500 pesos para los jubilados, jubiladas, pensionados y pensionadas con ingresos de hasta [&hellip;]<\/p>\n","protected":false},"author":4,"featured_media":78151,"comment_status":"open","ping_status":"closed","sticky":false,"template":"","format":"standard","meta":{"om_disable_all_campaigns":false,"_jetpack_memberships_contains_paid_content":false,"footnotes":""},"categories":[101,2],"tags":[],"class_list":["post-90507","post","type-post","status-publish","format-standard","has-post-thumbnail","hentry","category-interes-general-locales","category-locales"],"aioseo_notices":[],"gutentor_comment":0,"jetpack_featured_media_url":"https:\/\/eldiariodesanpedro.com.ar\/sitio\/wp-content\/uploads\/2020\/07\/no_r56y7yhcdxii0d4no_u1ar6zugu8hp9quanses.jpg","jetpack_shortlink":"https:\/\/wp.me\/p6RhLt-nxN","jetpack_sharing_enabled":true,"_links":{"self":[{"href":"https:\/\/eldiariodesanpedro.com.ar\/sitio\/wp-json\/wp\/v2\/posts\/90507","targetHints":{"allow":["GET"]}}],"collection":[{"href":"https:\/\/eldiariodesanpedro.com.ar\/sitio\/wp-json\/wp\/v2\/posts"}],"about":[{"href":"https:\/\/eldiariodesanpedro.com.ar\/sitio\/wp-json\/wp\/v2\/types\/post"}],"author":[{"embeddable":true,"href":"https:\/\/eldiariodesanpedro.com.ar\/sitio\/wp-json\/wp\/v2\/users\/4"}],"replies":[{"embeddable":true,"href":"https:\/\/eldiariodesanpedro.com.ar\/sitio\/wp-json\/wp\/v2\/comments?post=90507"}],"version-history":[{"count":1,"href":"https:\/\/eldiariodesanpedro.com.ar\/sitio\/wp-json\/wp\/v2\/posts\/90507\/revisions"}],"predecessor-version":[{"id":90508,"href":"https:\/\/eldiariodesanpedro.com.ar\/sitio\/wp-json\/wp\/v2\/posts\/90507\/revisions\/90508"}],"wp:featuredmedia":[{"embeddable":true,"href":"https:\/\/eldiariodesanpedro.com.ar\/sitio\/wp-json\/wp\/v2\/media\/78151"}],"wp:attachment":[{"href":"https:\/\/eldiariodesanpedro.com.ar\/sitio\/wp-json\/wp\/v2\/media?parent=90507"}],"wp:term":[{"taxonomy":"category","embeddable":true,"href":"https:\/\/eldiariodesanpedro.com.ar\/sitio\/wp-json\/wp\/v2\/categories?post=90507"},{"taxonomy":"post_tag","embeddable":true,"href":"https:\/\/eldiariodesanpedro.com.ar\/sitio\/wp-json\/wp\/v2\/tags?post=90507"}],"curies":[{"name":"wp","href":"https:\/\/api.w.org\/{rel}","templated":true}]}}