{"id":90493,"date":"2021-04-06T18:59:49","date_gmt":"2021-04-06T21:59:49","guid":{"rendered":"https:\/\/eldiariodesanpedro.com.ar\/sitio\/?p=90493"},"modified":"2021-04-06T18:59:53","modified_gmt":"2021-04-06T21:59:53","slug":"frutas-santa-rita-comienzo-a-la-temporada-de-naranja-2021","status":"publish","type":"post","link":"https:\/\/eldiariodesanpedro.com.ar\/sitio\/frutas-santa-rita-comienzo-a-la-temporada-de-naranja-2021\/","title":{"rendered":"Frutas Santa Rita: Comienzo a la temporada de naranja 2021"},"content":{"rendered":"<!-- VideographyWP Plugin Message: Automatic video embedding prevented by plugin options. -->\n\n<p>Aproximadamente el d\u00eda\u00a0\u00a0 4 de Mayo del corriente a\u00f1o se dar\u00e1 comienzo a la temporada de naranja 2021. A los trabajadores del a\u00f1o pasado presentarse el 26 de Abril en el Galp\u00f3n de Empaque ubicado en\u00a0 Ruta 1001 Km 2.<\/p>\n\n\n\n<p>Gabriel\u00a0Sagrera<\/p>\n","protected":false},"excerpt":{"rendered":"<p>Aproximadamente el d\u00eda\u00a0\u00a0 4 de Mayo del corriente a\u00f1o se dar\u00e1 comienzo a la temporada de naranja 2021. A los trabajadores del a\u00f1o pasado presentarse el 26 de Abril en el Galp\u00f3n de Empaque ubicado en\u00a0 Ruta 1001 Km 2. Gabriel\u00a0Sagrera<\/p>\n","protected":false},"author":4,"featured_media":90494,"comment_status":"open","ping_status":"closed","sticky":false,"template":"","format":"standard","meta":{"om_disable_all_campaigns":false,"_jetpack_memberships_contains_paid_content":false,"footnotes":""},"categories":[678,676],"tags":[],"class_list":["post-90493","post","type-post","status-publish","format-standard","has-post-thumbnail","hentry","category-convocatorias","category-edictos"],"aioseo_notices":[],"gutentor_comment":0,"jetpack_featured_media_url":"https:\/\/eldiariodesanpedro.com.ar\/sitio\/wp-content\/uploads\/2021\/04\/Frutas-Santa-Maria-abril-2021.jpg","jetpack_shortlink":"https:\/\/wp.me\/p6RhLt-nxz","jetpack_sharing_enabled":true,"_links":{"self":[{"href":"https:\/\/eldiariodesanpedro.com.ar\/sitio\/wp-json\/wp\/v2\/posts\/90493","targetHints":{"allow":["GET"]}}],"collection":[{"href":"https:\/\/eldiariodesanpedro.com.ar\/sitio\/wp-json\/wp\/v2\/posts"}],"about":[{"href":"https:\/\/eldiariodesanpedro.com.ar\/sitio\/wp-json\/wp\/v2\/types\/post"}],"author":[{"embeddable":true,"href":"https:\/\/eldiariodesanpedro.com.ar\/sitio\/wp-json\/wp\/v2\/users\/4"}],"replies":[{"embeddable":true,"href":"https:\/\/eldiariodesanpedro.com.ar\/sitio\/wp-json\/wp\/v2\/comments?post=90493"}],"version-history":[{"count":1,"href":"https:\/\/eldiariodesanpedro.com.ar\/sitio\/wp-json\/wp\/v2\/posts\/90493\/revisions"}],"predecessor-version":[{"id":90495,"href":"https:\/\/eldiariodesanpedro.com.ar\/sitio\/wp-json\/wp\/v2\/posts\/90493\/revisions\/90495"}],"wp:featuredmedia":[{"embeddable":true,"href":"https:\/\/eldiariodesanpedro.com.ar\/sitio\/wp-json\/wp\/v2\/media\/90494"}],"wp:attachment":[{"href":"https:\/\/eldiariodesanpedro.com.ar\/sitio\/wp-json\/wp\/v2\/media?parent=90493"}],"wp:term":[{"taxonomy":"category","embeddable":true,"href":"https:\/\/eldiariodesanpedro.com.ar\/sitio\/wp-json\/wp\/v2\/categories?post=90493"},{"taxonomy":"post_tag","embeddable":true,"href":"https:\/\/eldiariodesanpedro.com.ar\/sitio\/wp-json\/wp\/v2\/tags?post=90493"}],"curies":[{"name":"wp","href":"https:\/\/api.w.org\/{rel}","templated":true}]}}