{"id":90490,"date":"2021-04-06T18:52:06","date_gmt":"2021-04-06T21:52:06","guid":{"rendered":"https:\/\/eldiariodesanpedro.com.ar\/sitio\/?p=90490"},"modified":"2021-04-06T18:52:10","modified_gmt":"2021-04-06T21:52:10","slug":"inicio-de-la-poda-de-duraznos","status":"publish","type":"post","link":"https:\/\/eldiariodesanpedro.com.ar\/sitio\/inicio-de-la-poda-de-duraznos\/","title":{"rendered":"Inicio de la poda de duraznos"},"content":{"rendered":"<!-- VideographyWP Plugin Message: Automatic video embedding prevented by plugin options. -->\n\n<p>Comunicamos que el d\u00eda 02\/ 05\/ 2021&nbsp; se iniciar\u00e1 la poda de duraznos, debiendo presentarse en el lugar de trabajo habitual&nbsp; para comenzar con sus tareas. Quedan Uds. debidamente notificados conforme a la legislaci\u00f3n vigente.<\/p>\n\n\n\n<p>Deber\u00e1n expresar fehacientemente&nbsp; su disposici\u00f3n para comenzar la poda a partir de la fecha indicada hasta el 15 de Mayo de 2021, &nbsp;en Ruta 1001. Galp\u00f3n de Empaque San Pedro (B) en horario de 8 a 12 horas con DNI.<\/p>\n","protected":false},"excerpt":{"rendered":"<p>Comunicamos que el d\u00eda 02\/ 05\/ 2021&nbsp; se iniciar\u00e1 la poda de duraznos, debiendo presentarse en el lugar de trabajo habitual&nbsp; para comenzar con sus tareas. Quedan Uds. debidamente notificados conforme a la legislaci\u00f3n vigente. Deber\u00e1n expresar fehacientemente&nbsp; su disposici\u00f3n para comenzar la poda a partir de la fecha indicada hasta el 15 de Mayo [&hellip;]<\/p>\n","protected":false},"author":4,"featured_media":90491,"comment_status":"open","ping_status":"closed","sticky":false,"template":"","format":"standard","meta":{"om_disable_all_campaigns":false,"_jetpack_memberships_contains_paid_content":false,"footnotes":""},"categories":[678,676],"tags":[],"class_list":["post-90490","post","type-post","status-publish","format-standard","has-post-thumbnail","hentry","category-convocatorias","category-edictos"],"aioseo_notices":[],"gutentor_comment":0,"jetpack_featured_media_url":"https:\/\/eldiariodesanpedro.com.ar\/sitio\/wp-content\/uploads\/2021\/04\/Frutas-Sagregra-abril-2021-final.jpg","jetpack_shortlink":"https:\/\/wp.me\/p6RhLt-nxw","jetpack_sharing_enabled":true,"_links":{"self":[{"href":"https:\/\/eldiariodesanpedro.com.ar\/sitio\/wp-json\/wp\/v2\/posts\/90490","targetHints":{"allow":["GET"]}}],"collection":[{"href":"https:\/\/eldiariodesanpedro.com.ar\/sitio\/wp-json\/wp\/v2\/posts"}],"about":[{"href":"https:\/\/eldiariodesanpedro.com.ar\/sitio\/wp-json\/wp\/v2\/types\/post"}],"author":[{"embeddable":true,"href":"https:\/\/eldiariodesanpedro.com.ar\/sitio\/wp-json\/wp\/v2\/users\/4"}],"replies":[{"embeddable":true,"href":"https:\/\/eldiariodesanpedro.com.ar\/sitio\/wp-json\/wp\/v2\/comments?post=90490"}],"version-history":[{"count":1,"href":"https:\/\/eldiariodesanpedro.com.ar\/sitio\/wp-json\/wp\/v2\/posts\/90490\/revisions"}],"predecessor-version":[{"id":90492,"href":"https:\/\/eldiariodesanpedro.com.ar\/sitio\/wp-json\/wp\/v2\/posts\/90490\/revisions\/90492"}],"wp:featuredmedia":[{"embeddable":true,"href":"https:\/\/eldiariodesanpedro.com.ar\/sitio\/wp-json\/wp\/v2\/media\/90491"}],"wp:attachment":[{"href":"https:\/\/eldiariodesanpedro.com.ar\/sitio\/wp-json\/wp\/v2\/media?parent=90490"}],"wp:term":[{"taxonomy":"category","embeddable":true,"href":"https:\/\/eldiariodesanpedro.com.ar\/sitio\/wp-json\/wp\/v2\/categories?post=90490"},{"taxonomy":"post_tag","embeddable":true,"href":"https:\/\/eldiariodesanpedro.com.ar\/sitio\/wp-json\/wp\/v2\/tags?post=90490"}],"curies":[{"name":"wp","href":"https:\/\/api.w.org\/{rel}","templated":true}]}}