{"id":90487,"date":"2021-04-06T18:20:31","date_gmt":"2021-04-06T21:20:31","guid":{"rendered":"https:\/\/eldiariodesanpedro.com.ar\/sitio\/?p=90487"},"modified":"2021-04-06T18:20:35","modified_gmt":"2021-04-06T21:20:35","slug":"tras-la-reunion-se-evalua-la-restriccion-de-22-a-06-hs-en-los-proximos-dias-por-el-grave-aumento-de-casos","status":"publish","type":"post","link":"https:\/\/eldiariodesanpedro.com.ar\/sitio\/tras-la-reunion-se-evalua-la-restriccion-de-22-a-06-hs-en-los-proximos-dias-por-el-grave-aumento-de-casos\/","title":{"rendered":"Tras la reuni\u00f3n se eval\u00faa la restricci\u00f3n de 22 a 06 hs en los pr\u00f3ximos d\u00edas por el grave aumento de casos"},"content":{"rendered":"<!-- VideographyWP Plugin Message: Automatic video embedding prevented by plugin options. -->\n\n<p>Finaliz\u00f3 la reuni\u00f3n entre los jefes de gabinetes y autoridades de las carteras de salud de la Naci\u00f3n y la provincia y la ciudad de Buenos Aires. Seg\u00fan los primeros trascendidos, las autoridades evaluar\u00edan las restricciones totales de la circulaci\u00f3n entre las 22 y las 6 para evitar el contagio del coronavirus<\/p>\n\n\n\n<p>La reuni\u00f3n fue presidida por el jefe de Gabinete nacional, Santiago Cafiero, y participaron sus pares de Provincia y Ciudad, Carlos Bianco y Felipe Miguel, respectivamente; la ministra de Salud de Naci\u00f3n, Carla Vizzotti; el titular de la cartera sanitaria porte\u00f1a, Fern\u00e1n Quir\u00f3s; y el viceministro de Salud bonaerense, Nicol\u00e1s Kreplak.<\/p>\n\n\n\n<p>\u00abHubo acuerdo entre Naci\u00f3n, Ciudad y Provincia. A\u00fan no hay definiciones de horario para restricci\u00f3n nocturna\u00bb, indicaron fuentes oficiales a NA tras la reuni\u00f3n de una hora y media en Casa Rosada.<\/p>\n\n\n\n<p>Seg\u00fan se\u00f1alaron, en en el encuentro se pusieron \u00absobre la mesa las medidas y propuestas que cada distrito est\u00e1 dispuesto a tomar y d\u00f3nde creen que hay que ajustar\u00bb, pero aclararon \u00abtodo ser\u00e1 consensuado para actuar en conjunto\u00bb.<\/p>\n\n\n\n<p>Respecto de las posibles medidas, fuentes con despacho en Balcarce 50 afirmaron que se puso el foco en \u00abla nocturnidad, el transporte p\u00fablico y actividades recreativas\u00bb.<\/p>\n\n\n\n<p>Dado que el viernes concluye una nueva pr\u00f3rroga del Distanciamiento Social Preventivo y Obligatorio (DISPO), se estima que cualquier medida tendr\u00e1 como fecha de anuncio el \u00faltimo d\u00eda h\u00e1bil de la semana.<\/p>\n\n\n\n<p>El encuentro es una continuidad del realizado este lunes, calificado de \u00abevaluaci\u00f3n e intercambio\u00bb de informaci\u00f3n para analizar distintos escenarios sanitarios y epidemiol\u00f3gicos y para estudiar medidas por el aumento r\u00e1pido y sostenido de casos que afecten \u00ablo menos posible\u00bb la recuperaci\u00f3n de la econom\u00eda.<\/p>\n\n\n\n<p>En ese sentido, en aquella reuni\u00f3n coincidieron en mantener \u00abla presencialidad\u00bb en las escuelas y la actividad industrial y comercial, al remarcar que en todos los lugares con protocolo \u00abfuncionan\u00bb las medidas de prevenci\u00f3n y por eso \u00abse proteger\u00e1n esas actividades\u00bb.<\/p>\n\n\n\n<p>Los funcionarios admitieron adem\u00e1s, tras otra reuni\u00f3n de los ministros de salud de todas las provincias en el Consejo Federal de Salud (Cofesa), que la llegada de la segunda ola \u00abes un hecho\u00bb, y advirtieron que el problema son las \u00abreuniones sociales\u00bb.<\/p>\n\n\n\n<p>Las nuevas medidas se conocer\u00e1n esta semana, no m\u00e1s all\u00e1 del viernes pr\u00f3ximo, cuando concluya una nueva pr\u00f3rroga del Distanciamiento Social Preventivo y Obligatorio (Dispo) y se dictamine una medida similar.<\/p>\n\n\n\n<p>Fuente: La Tecla<\/p>\n","protected":false},"excerpt":{"rendered":"<p>Finaliz\u00f3 la reuni\u00f3n entre los jefes de gabinetes y autoridades de las carteras de salud de la Naci\u00f3n y la provincia y la ciudad de Buenos Aires. Seg\u00fan los primeros trascendidos, las autoridades evaluar\u00edan las restricciones totales de la circulaci\u00f3n entre las 22 y las 6 para evitar el contagio del coronavirus La reuni\u00f3n fue [&hellip;]<\/p>\n","protected":false},"author":4,"featured_media":90488,"comment_status":"open","ping_status":"closed","sticky":false,"template":"","format":"standard","meta":{"om_disable_all_campaigns":false,"_jetpack_memberships_contains_paid_content":false,"footnotes":""},"categories":[621],"tags":[],"class_list":["post-90487","post","type-post","status-publish","format-standard","has-post-thumbnail","hentry","category-regionales"],"aioseo_notices":[],"gutentor_comment":0,"jetpack_featured_media_url":"https:\/\/eldiariodesanpedro.com.ar\/sitio\/wp-content\/uploads\/2021\/04\/126607_3.jpg","jetpack_shortlink":"https:\/\/wp.me\/p6RhLt-nxt","jetpack_sharing_enabled":true,"_links":{"self":[{"href":"https:\/\/eldiariodesanpedro.com.ar\/sitio\/wp-json\/wp\/v2\/posts\/90487","targetHints":{"allow":["GET"]}}],"collection":[{"href":"https:\/\/eldiariodesanpedro.com.ar\/sitio\/wp-json\/wp\/v2\/posts"}],"about":[{"href":"https:\/\/eldiariodesanpedro.com.ar\/sitio\/wp-json\/wp\/v2\/types\/post"}],"author":[{"embeddable":true,"href":"https:\/\/eldiariodesanpedro.com.ar\/sitio\/wp-json\/wp\/v2\/users\/4"}],"replies":[{"embeddable":true,"href":"https:\/\/eldiariodesanpedro.com.ar\/sitio\/wp-json\/wp\/v2\/comments?post=90487"}],"version-history":[{"count":1,"href":"https:\/\/eldiariodesanpedro.com.ar\/sitio\/wp-json\/wp\/v2\/posts\/90487\/revisions"}],"predecessor-version":[{"id":90489,"href":"https:\/\/eldiariodesanpedro.com.ar\/sitio\/wp-json\/wp\/v2\/posts\/90487\/revisions\/90489"}],"wp:featuredmedia":[{"embeddable":true,"href":"https:\/\/eldiariodesanpedro.com.ar\/sitio\/wp-json\/wp\/v2\/media\/90488"}],"wp:attachment":[{"href":"https:\/\/eldiariodesanpedro.com.ar\/sitio\/wp-json\/wp\/v2\/media?parent=90487"}],"wp:term":[{"taxonomy":"category","embeddable":true,"href":"https:\/\/eldiariodesanpedro.com.ar\/sitio\/wp-json\/wp\/v2\/categories?post=90487"},{"taxonomy":"post_tag","embeddable":true,"href":"https:\/\/eldiariodesanpedro.com.ar\/sitio\/wp-json\/wp\/v2\/tags?post=90487"}],"curies":[{"name":"wp","href":"https:\/\/api.w.org\/{rel}","templated":true}]}}