{"id":90483,"date":"2021-04-06T18:13:26","date_gmt":"2021-04-06T21:13:26","guid":{"rendered":"https:\/\/eldiariodesanpedro.com.ar\/sitio\/?p=90483"},"modified":"2021-04-06T18:13:31","modified_gmt":"2021-04-06T21:13:31","slug":"daniel-gollan-ministro-de-salud-de-la-provincia-a-los-jovenes-dejen-de-bolichear-por-unos-dias","status":"publish","type":"post","link":"https:\/\/eldiariodesanpedro.com.ar\/sitio\/daniel-gollan-ministro-de-salud-de-la-provincia-a-los-jovenes-dejen-de-bolichear-por-unos-dias\/","title":{"rendered":"Daniel Gollan, ministro de Salud de la provincia, a los j\u00f3venes: \u00abdejen de bolichear por unos d\u00edas\u00bb"},"content":{"rendered":"<!-- VideographyWP Plugin Message: Automatic video embedding prevented by plugin options. -->\n\n<p>El ministro de Salud de la provincia de Buenos Aires, Daniel Gollan, apel\u00f3 este martes a la responsabilidad de los j\u00f3venes en medio de la segunda ola de contagios de coronavirus Covid-19 que afecta al pa\u00eds y que est\u00e1 provocando un ascenso abrupto de la cantidad de casos positivos registrados en las \u00faltimas semanas.<\/p>\n\n\n\n<p>En l\u00ednea con la conferencia de prensa que brind\u00f3 hoy su par de Naci\u00f3n, Carla Vizzotti, quien advirti\u00f3 que las pr\u00f3ximas tres semanas ser\u00e1n clave, Goll\u00e1n llam\u00f3 a los j\u00f3venes a extremar los cuidados por unos cuantos d\u00edas m\u00e1s.<\/p>\n\n\n\n<p>A trav\u00e9s de su cuenta en Twitter Gollan advirti\u00f3: \u00abSi sab\u00e9s que en pocas semanas, tus familiares, amigos o compa\u00f1eros de trabajo con mayor riesgo a pasarla mal van a estar protegidos con la vacuna: NO POD\u00c9S DEJAR DE BOLICHEAR POR UNOS D\u00cdAS? No es un gran esfuerzo. Est\u00e1 en vos cuidarlos, despu\u00e9s puede ser tarde\u00bb.<\/p>\n\n\n\n<p>Esta tarde Naci\u00f3n, Ciudad y Provincia se reunir\u00e1n para definir las medidas a tomar con el objetivo de ralentizar el avance de la segunda ola de contagios de coronavirus.<\/p>\n\n\n\n<p>Fuente: Infocielo<\/p>\n","protected":false},"excerpt":{"rendered":"<p>El ministro de Salud de la provincia de Buenos Aires, Daniel Gollan, apel\u00f3 este martes a la responsabilidad de los j\u00f3venes en medio de la segunda ola de contagios de coronavirus Covid-19 que afecta al pa\u00eds y que est\u00e1 provocando un ascenso abrupto de la cantidad de casos positivos registrados en las \u00faltimas semanas. En [&hellip;]<\/p>\n","protected":false},"author":4,"featured_media":90484,"comment_status":"open","ping_status":"closed","sticky":false,"template":"","format":"standard","meta":{"om_disable_all_campaigns":false,"_jetpack_memberships_contains_paid_content":false,"footnotes":""},"categories":[621],"tags":[],"class_list":["post-90483","post","type-post","status-publish","format-standard","has-post-thumbnail","hentry","category-regionales"],"aioseo_notices":[],"gutentor_comment":0,"jetpack_featured_media_url":"https:\/\/eldiariodesanpedro.com.ar\/sitio\/wp-content\/uploads\/2021\/04\/gollanjpg_658x400.jpg","jetpack_shortlink":"https:\/\/wp.me\/p6RhLt-nxp","jetpack_sharing_enabled":true,"_links":{"self":[{"href":"https:\/\/eldiariodesanpedro.com.ar\/sitio\/wp-json\/wp\/v2\/posts\/90483","targetHints":{"allow":["GET"]}}],"collection":[{"href":"https:\/\/eldiariodesanpedro.com.ar\/sitio\/wp-json\/wp\/v2\/posts"}],"about":[{"href":"https:\/\/eldiariodesanpedro.com.ar\/sitio\/wp-json\/wp\/v2\/types\/post"}],"author":[{"embeddable":true,"href":"https:\/\/eldiariodesanpedro.com.ar\/sitio\/wp-json\/wp\/v2\/users\/4"}],"replies":[{"embeddable":true,"href":"https:\/\/eldiariodesanpedro.com.ar\/sitio\/wp-json\/wp\/v2\/comments?post=90483"}],"version-history":[{"count":1,"href":"https:\/\/eldiariodesanpedro.com.ar\/sitio\/wp-json\/wp\/v2\/posts\/90483\/revisions"}],"predecessor-version":[{"id":90485,"href":"https:\/\/eldiariodesanpedro.com.ar\/sitio\/wp-json\/wp\/v2\/posts\/90483\/revisions\/90485"}],"wp:featuredmedia":[{"embeddable":true,"href":"https:\/\/eldiariodesanpedro.com.ar\/sitio\/wp-json\/wp\/v2\/media\/90484"}],"wp:attachment":[{"href":"https:\/\/eldiariodesanpedro.com.ar\/sitio\/wp-json\/wp\/v2\/media?parent=90483"}],"wp:term":[{"taxonomy":"category","embeddable":true,"href":"https:\/\/eldiariodesanpedro.com.ar\/sitio\/wp-json\/wp\/v2\/categories?post=90483"},{"taxonomy":"post_tag","embeddable":true,"href":"https:\/\/eldiariodesanpedro.com.ar\/sitio\/wp-json\/wp\/v2\/tags?post=90483"}],"curies":[{"name":"wp","href":"https:\/\/api.w.org\/{rel}","templated":true}]}}