{"id":90480,"date":"2021-04-06T18:06:55","date_gmt":"2021-04-06T21:06:55","guid":{"rendered":"https:\/\/eldiariodesanpedro.com.ar\/sitio\/?p=90480"},"modified":"2021-04-06T18:07:01","modified_gmt":"2021-04-06T21:07:01","slug":"alerta-roja-record-de-casos-diarios-de-coronavirus-en-argentina-20-870-contagios-por-primera-vez-en-pandemia","status":"publish","type":"post","link":"https:\/\/eldiariodesanpedro.com.ar\/sitio\/alerta-roja-record-de-casos-diarios-de-coronavirus-en-argentina-20-870-contagios-por-primera-vez-en-pandemia\/","title":{"rendered":"Alerta Roja: Record de casos diarios de coronavirus en Argentina, 20.870 contagios por primera vez en pandemia"},"content":{"rendered":"<!-- VideographyWP Plugin Message: Automatic video embedding prevented by plugin options. -->\n\n<p>El Ministerio de Salud de la Naci\u00f3n de la Naci\u00f3n inform\u00f3 la cifra m\u00e1s alta en un d\u00eda desde el inicio de la pandemia. Tambi\u00e9n se registraron 163 muertes en las \u00faltimas 24 horas.\u00a0<\/p>\n\n\n\n<p>Argentina lleg\u00f3 en el d\u00eda de hoy a su cifra m\u00e1s alta de contagios diarios de coronavirus. Seg\u00fan inform\u00f3 el Ministerio de Salud de la Naci\u00f3n, se registraron un total de 20.870 contagios por coronavirus se registraron en las \u00faltimas 24 horas. Asimismo, en el d\u00eda se reportaron 163 muertes.<\/p>\n\n\n\n<p>Seg\u00fan hab\u00edaa reconocido la propia ministra de Salud de la Naci\u00f3n, Carla Vizzoti, la segunda ola de coronavirus \u00abes una realidad\u00bb, basandose en el crecimiento exponencial de los casos en las \u00faltimas semanas.<\/p>\n\n\n\n<p>A ra\u00edz de eso, el Gobierno nacional debate qu\u00e9 medidas para las restricciones a la circulaci\u00f3n tomar\u00e1, para evitar los contagios.<\/p>\n\n\n\n<p>Con estas nuevas cifras, hasta el momento y desde el inicio del brote suman 2.428.029 las personas contagiadas y 56.634 las v\u00edctimas fatales.<\/p>\n\n\n\n<p>De acuerdo al reporte de este martes, del total de casos, 2.164.045 son pacientes recuperados y 207.350 permanec\u00edan activos.<\/p>\n\n\n\n<p>Desde el inicio del brote se realizaron 9.191.427 pruebas diagn\u00f3sticas para esta enfermedad.<\/p>\n\n\n\n<p>Fuente: La Tecla<\/p>\n","protected":false},"excerpt":{"rendered":"<p>El Ministerio de Salud de la Naci\u00f3n de la Naci\u00f3n inform\u00f3 la cifra m\u00e1s alta en un d\u00eda desde el inicio de la pandemia. Tambi\u00e9n se registraron 163 muertes en las \u00faltimas 24 horas.\u00a0 Argentina lleg\u00f3 en el d\u00eda de hoy a su cifra m\u00e1s alta de contagios diarios de coronavirus. Seg\u00fan inform\u00f3 el Ministerio [&hellip;]<\/p>\n","protected":false},"author":4,"featured_media":90481,"comment_status":"open","ping_status":"closed","sticky":false,"template":"","format":"standard","meta":{"om_disable_all_campaigns":false,"_jetpack_memberships_contains_paid_content":false,"footnotes":""},"categories":[621],"tags":[],"class_list":["post-90480","post","type-post","status-publish","format-standard","has-post-thumbnail","hentry","category-regionales"],"aioseo_notices":[],"gutentor_comment":0,"jetpack_featured_media_url":"https:\/\/eldiariodesanpedro.com.ar\/sitio\/wp-content\/uploads\/2021\/04\/126610_3.jpg","jetpack_shortlink":"https:\/\/wp.me\/p6RhLt-nxm","jetpack_sharing_enabled":true,"_links":{"self":[{"href":"https:\/\/eldiariodesanpedro.com.ar\/sitio\/wp-json\/wp\/v2\/posts\/90480","targetHints":{"allow":["GET"]}}],"collection":[{"href":"https:\/\/eldiariodesanpedro.com.ar\/sitio\/wp-json\/wp\/v2\/posts"}],"about":[{"href":"https:\/\/eldiariodesanpedro.com.ar\/sitio\/wp-json\/wp\/v2\/types\/post"}],"author":[{"embeddable":true,"href":"https:\/\/eldiariodesanpedro.com.ar\/sitio\/wp-json\/wp\/v2\/users\/4"}],"replies":[{"embeddable":true,"href":"https:\/\/eldiariodesanpedro.com.ar\/sitio\/wp-json\/wp\/v2\/comments?post=90480"}],"version-history":[{"count":1,"href":"https:\/\/eldiariodesanpedro.com.ar\/sitio\/wp-json\/wp\/v2\/posts\/90480\/revisions"}],"predecessor-version":[{"id":90482,"href":"https:\/\/eldiariodesanpedro.com.ar\/sitio\/wp-json\/wp\/v2\/posts\/90480\/revisions\/90482"}],"wp:featuredmedia":[{"embeddable":true,"href":"https:\/\/eldiariodesanpedro.com.ar\/sitio\/wp-json\/wp\/v2\/media\/90481"}],"wp:attachment":[{"href":"https:\/\/eldiariodesanpedro.com.ar\/sitio\/wp-json\/wp\/v2\/media?parent=90480"}],"wp:term":[{"taxonomy":"category","embeddable":true,"href":"https:\/\/eldiariodesanpedro.com.ar\/sitio\/wp-json\/wp\/v2\/categories?post=90480"},{"taxonomy":"post_tag","embeddable":true,"href":"https:\/\/eldiariodesanpedro.com.ar\/sitio\/wp-json\/wp\/v2\/tags?post=90480"}],"curies":[{"name":"wp","href":"https:\/\/api.w.org\/{rel}","templated":true}]}}