{"id":90476,"date":"2021-04-06T17:59:27","date_gmt":"2021-04-06T20:59:27","guid":{"rendered":"https:\/\/eldiariodesanpedro.com.ar\/sitio\/?p=90476"},"modified":"2021-04-06T17:59:32","modified_gmt":"2021-04-06T20:59:32","slug":"vacunacion-e-inscripcion-de-voluntarios-en-el-club-de-jubilados","status":"publish","type":"post","link":"https:\/\/eldiariodesanpedro.com.ar\/sitio\/vacunacion-e-inscripcion-de-voluntarios-en-el-club-de-jubilados\/","title":{"rendered":"Vacunaci\u00f3n e inscripci\u00f3n de voluntarios en el Club de Jubilados"},"content":{"rendered":"<!-- VideographyWP Plugin Message: Automatic video embedding prevented by plugin options. -->\n\n<p>La Municipalidad de San Pedro y el Plan Vacunate PBA informan que ante el inicio de la vacunaci\u00f3n en un espacio acondicionado para tal fin en el Club de Jubilados, se dispondr\u00e1 de un operativo especial que permita adem\u00e1s continuar con la inscripci\u00f3n y\/o consultas de voluntarios\/as que as\u00ed lo requieran.<\/p>\n\n\n\n<p>El vacunatorio funcionar\u00e1 con acceso por calle 9 de Julio recibiendo a quienes hayan recibido un turno, en el horario asignado.<\/p>\n\n\n\n<p>El punto de inscripci\u00f3n y consultas estar\u00e1 disponible de lunes a domingos en el horario de 10 a 16 horas en el ingreso sobre calle Salta.<\/p>\n\n\n\n<p>Adem\u00e1s se recuerda que est\u00e1n disponibles el whatsapp 3329 317 575 y el correo electr\u00f3nico vacunatesanpedro@gmail.com para realizar consultas.<\/p>\n\n\n\n<p>Quienes deseen inscribirse autom\u00e1ticamente pueden hacerlo ingresando al sitio www.vacunatepba.gba.gob.ar o descargando la aplicaci\u00f3n disponible para tel\u00e9fonos celulares con Apple o Android \u00abVacunatePBA\u00bb.<\/p>\n","protected":false},"excerpt":{"rendered":"<p>La Municipalidad de San Pedro y el Plan Vacunate PBA informan que ante el inicio de la vacunaci\u00f3n en un espacio acondicionado para tal fin en el Club de Jubilados, se dispondr\u00e1 de un operativo especial que permita adem\u00e1s continuar con la inscripci\u00f3n y\/o consultas de voluntarios\/as que as\u00ed lo requieran. El vacunatorio funcionar\u00e1 con [&hellip;]<\/p>\n","protected":false},"author":4,"featured_media":88932,"comment_status":"open","ping_status":"closed","sticky":false,"template":"","format":"standard","meta":{"om_disable_all_campaigns":false,"_jetpack_memberships_contains_paid_content":false,"footnotes":""},"categories":[101,2],"tags":[],"class_list":["post-90476","post","type-post","status-publish","format-standard","has-post-thumbnail","hentry","category-interes-general-locales","category-locales"],"aioseo_notices":[],"gutentor_comment":0,"jetpack_featured_media_url":"https:\/\/eldiariodesanpedro.com.ar\/sitio\/wp-content\/uploads\/2021\/03\/DSW7MII7UZA3FLAVT6PYUULYSY.jpg","jetpack_shortlink":"https:\/\/wp.me\/p6RhLt-nxi","jetpack_sharing_enabled":true,"_links":{"self":[{"href":"https:\/\/eldiariodesanpedro.com.ar\/sitio\/wp-json\/wp\/v2\/posts\/90476","targetHints":{"allow":["GET"]}}],"collection":[{"href":"https:\/\/eldiariodesanpedro.com.ar\/sitio\/wp-json\/wp\/v2\/posts"}],"about":[{"href":"https:\/\/eldiariodesanpedro.com.ar\/sitio\/wp-json\/wp\/v2\/types\/post"}],"author":[{"embeddable":true,"href":"https:\/\/eldiariodesanpedro.com.ar\/sitio\/wp-json\/wp\/v2\/users\/4"}],"replies":[{"embeddable":true,"href":"https:\/\/eldiariodesanpedro.com.ar\/sitio\/wp-json\/wp\/v2\/comments?post=90476"}],"version-history":[{"count":1,"href":"https:\/\/eldiariodesanpedro.com.ar\/sitio\/wp-json\/wp\/v2\/posts\/90476\/revisions"}],"predecessor-version":[{"id":90477,"href":"https:\/\/eldiariodesanpedro.com.ar\/sitio\/wp-json\/wp\/v2\/posts\/90476\/revisions\/90477"}],"wp:featuredmedia":[{"embeddable":true,"href":"https:\/\/eldiariodesanpedro.com.ar\/sitio\/wp-json\/wp\/v2\/media\/88932"}],"wp:attachment":[{"href":"https:\/\/eldiariodesanpedro.com.ar\/sitio\/wp-json\/wp\/v2\/media?parent=90476"}],"wp:term":[{"taxonomy":"category","embeddable":true,"href":"https:\/\/eldiariodesanpedro.com.ar\/sitio\/wp-json\/wp\/v2\/categories?post=90476"},{"taxonomy":"post_tag","embeddable":true,"href":"https:\/\/eldiariodesanpedro.com.ar\/sitio\/wp-json\/wp\/v2\/tags?post=90476"}],"curies":[{"name":"wp","href":"https:\/\/api.w.org\/{rel}","templated":true}]}}