{"id":90462,"date":"2021-04-06T12:44:14","date_gmt":"2021-04-06T15:44:14","guid":{"rendered":"https:\/\/eldiariodesanpedro.com.ar\/sitio\/?p=90462"},"modified":"2021-04-06T12:44:23","modified_gmt":"2021-04-06T15:44:23","slug":"robaron-una-garrafa-mientras-los-moradores-no-se-encontraban","status":"publish","type":"post","link":"https:\/\/eldiariodesanpedro.com.ar\/sitio\/robaron-una-garrafa-mientras-los-moradores-no-se-encontraban\/","title":{"rendered":"Robaron una garrafa mientras los moradores no se encontraban"},"content":{"rendered":"<!-- VideographyWP Plugin Message: Automatic video embedding prevented by plugin options. -->\n\n<p>Este lunes se recibi\u00f3 una denuncia en la comisar\u00eda local por parte de una ciudadana de 33 a\u00f1os, que el mismo d\u00eda entre las 11 y 13 horas, en ausencia de moradores, ignorados sustrajeron de su domicilio en Manuel Iglesias al 1700, una garrafa del patio.&nbsp;<\/p>\n\n\n\n<p>Se investiga con intervenci\u00f3n de la justicia local.<\/p>\n","protected":false},"excerpt":{"rendered":"<p>Este lunes se recibi\u00f3 una denuncia en la comisar\u00eda local por parte de una ciudadana de 33 a\u00f1os, que el mismo d\u00eda entre las 11 y 13 horas, en ausencia de moradores, ignorados sustrajeron de su domicilio en Manuel Iglesias al 1700, una garrafa del patio.&nbsp; Se investiga con intervenci\u00f3n de la justicia local.<\/p>\n","protected":false},"author":4,"featured_media":45394,"comment_status":"open","ping_status":"closed","sticky":false,"template":"","format":"standard","meta":{"om_disable_all_campaigns":false,"_jetpack_memberships_contains_paid_content":false,"footnotes":""},"categories":[2,103],"tags":[],"class_list":["post-90462","post","type-post","status-publish","format-standard","has-post-thumbnail","hentry","category-locales","category-policiales-locales"],"aioseo_notices":[],"gutentor_comment":0,"jetpack_featured_media_url":"https:\/\/eldiariodesanpedro.com.ar\/sitio\/wp-content\/uploads\/2019\/01\/comisaria.jpg","jetpack_shortlink":"https:\/\/wp.me\/p6RhLt-nx4","jetpack_sharing_enabled":true,"_links":{"self":[{"href":"https:\/\/eldiariodesanpedro.com.ar\/sitio\/wp-json\/wp\/v2\/posts\/90462","targetHints":{"allow":["GET"]}}],"collection":[{"href":"https:\/\/eldiariodesanpedro.com.ar\/sitio\/wp-json\/wp\/v2\/posts"}],"about":[{"href":"https:\/\/eldiariodesanpedro.com.ar\/sitio\/wp-json\/wp\/v2\/types\/post"}],"author":[{"embeddable":true,"href":"https:\/\/eldiariodesanpedro.com.ar\/sitio\/wp-json\/wp\/v2\/users\/4"}],"replies":[{"embeddable":true,"href":"https:\/\/eldiariodesanpedro.com.ar\/sitio\/wp-json\/wp\/v2\/comments?post=90462"}],"version-history":[{"count":1,"href":"https:\/\/eldiariodesanpedro.com.ar\/sitio\/wp-json\/wp\/v2\/posts\/90462\/revisions"}],"predecessor-version":[{"id":90463,"href":"https:\/\/eldiariodesanpedro.com.ar\/sitio\/wp-json\/wp\/v2\/posts\/90462\/revisions\/90463"}],"wp:featuredmedia":[{"embeddable":true,"href":"https:\/\/eldiariodesanpedro.com.ar\/sitio\/wp-json\/wp\/v2\/media\/45394"}],"wp:attachment":[{"href":"https:\/\/eldiariodesanpedro.com.ar\/sitio\/wp-json\/wp\/v2\/media?parent=90462"}],"wp:term":[{"taxonomy":"category","embeddable":true,"href":"https:\/\/eldiariodesanpedro.com.ar\/sitio\/wp-json\/wp\/v2\/categories?post=90462"},{"taxonomy":"post_tag","embeddable":true,"href":"https:\/\/eldiariodesanpedro.com.ar\/sitio\/wp-json\/wp\/v2\/tags?post=90462"}],"curies":[{"name":"wp","href":"https:\/\/api.w.org\/{rel}","templated":true}]}}