{"id":90460,"date":"2021-04-06T12:37:15","date_gmt":"2021-04-06T15:37:15","guid":{"rendered":"https:\/\/eldiariodesanpedro.com.ar\/sitio\/?p=90460"},"modified":"2021-04-06T12:37:20","modified_gmt":"2021-04-06T15:37:20","slug":"circulaba-contramano-la-infraccionaron-y-vino-su-madre-para-golpear-a-una-inspectora-y-darse-a-la-fuga","status":"publish","type":"post","link":"https:\/\/eldiariodesanpedro.com.ar\/sitio\/circulaba-contramano-la-infraccionaron-y-vino-su-madre-para-golpear-a-una-inspectora-y-darse-a-la-fuga\/","title":{"rendered":"Circulaba contramano, la infraccionaron y vino su madre para golpear a una inspectora y darse a la fuga"},"content":{"rendered":"<!-- VideographyWP Plugin Message: Automatic video embedding prevented by plugin options. -->\n\n<p>Este lunes se recibi\u00f3 una denuncia en la comisar\u00eda local por parte de una inspectora de tr\u00e1nsito que fue agredida por otra femenina que se neg\u00f3 a ser infraccionada y secuestrado su rodado.<\/p>\n\n\n\n<p>En la jornada de ayer en horas de la ma\u00f1ana una empleada municipal del \u00e1rea de inspecci\u00f3n de transito realiz\u00f3 una denuncia en la comisar\u00eda local donde declar\u00f3 que en calle D\u00e1vila al 150 en momento que se encontraban en recorrido dentro de la patrulla de la Direcci\u00f3n de Tr\u00e1nsito interceptan a una motociclista de 18 a\u00f1os que circulaba en contramano por lo que le solicitan los papeles del rodado marca Honda de los cuales no dispon\u00eda, motivo por el cual se le labra el acta de infracci\u00f3n y se procede al secuestro.<\/p>\n\n\n\n<p>minutos despu\u00e9s se hace presente en el lugar la madre de la joven conductora quien en una actitud violenta ataca y golpea a la inspectora, luego se sube al rodado y se da a la fuga colisionando a la agente de tr\u00e1nsito.<\/p>\n\n\n\n<p>La denunciante fue trasladada al nosocomio local donde se constataron lesiones de car\u00e1cter leves y escoriaciones.&nbsp;<\/p>\n\n\n\n<p>La polic\u00eda investiga para dar con el paradero de las agresoras.<\/p>\n","protected":false},"excerpt":{"rendered":"<p>Este lunes se recibi\u00f3 una denuncia en la comisar\u00eda local por parte de una inspectora de tr\u00e1nsito que fue agredida por otra femenina que se neg\u00f3 a ser infraccionada y secuestrado su rodado. En la jornada de ayer en horas de la ma\u00f1ana una empleada municipal del \u00e1rea de inspecci\u00f3n de transito realiz\u00f3 una denuncia [&hellip;]<\/p>\n","protected":false},"author":4,"featured_media":89698,"comment_status":"open","ping_status":"closed","sticky":false,"template":"","format":"standard","meta":{"om_disable_all_campaigns":false,"_jetpack_memberships_contains_paid_content":false,"footnotes":""},"categories":[50,2,103],"tags":[],"class_list":["post-90460","post","type-post","status-publish","format-standard","has-post-thumbnail","hentry","category-destacadas","category-locales","category-policiales-locales"],"aioseo_notices":[],"gutentor_comment":0,"jetpack_featured_media_url":"https:\/\/eldiariodesanpedro.com.ar\/sitio\/wp-content\/uploads\/2021\/03\/WhatsApp-Image-2021-03-24-at-12.03.28-1.jpeg","jetpack_shortlink":"https:\/\/wp.me\/p6RhLt-nx2","jetpack_sharing_enabled":true,"_links":{"self":[{"href":"https:\/\/eldiariodesanpedro.com.ar\/sitio\/wp-json\/wp\/v2\/posts\/90460","targetHints":{"allow":["GET"]}}],"collection":[{"href":"https:\/\/eldiariodesanpedro.com.ar\/sitio\/wp-json\/wp\/v2\/posts"}],"about":[{"href":"https:\/\/eldiariodesanpedro.com.ar\/sitio\/wp-json\/wp\/v2\/types\/post"}],"author":[{"embeddable":true,"href":"https:\/\/eldiariodesanpedro.com.ar\/sitio\/wp-json\/wp\/v2\/users\/4"}],"replies":[{"embeddable":true,"href":"https:\/\/eldiariodesanpedro.com.ar\/sitio\/wp-json\/wp\/v2\/comments?post=90460"}],"version-history":[{"count":1,"href":"https:\/\/eldiariodesanpedro.com.ar\/sitio\/wp-json\/wp\/v2\/posts\/90460\/revisions"}],"predecessor-version":[{"id":90461,"href":"https:\/\/eldiariodesanpedro.com.ar\/sitio\/wp-json\/wp\/v2\/posts\/90460\/revisions\/90461"}],"wp:featuredmedia":[{"embeddable":true,"href":"https:\/\/eldiariodesanpedro.com.ar\/sitio\/wp-json\/wp\/v2\/media\/89698"}],"wp:attachment":[{"href":"https:\/\/eldiariodesanpedro.com.ar\/sitio\/wp-json\/wp\/v2\/media?parent=90460"}],"wp:term":[{"taxonomy":"category","embeddable":true,"href":"https:\/\/eldiariodesanpedro.com.ar\/sitio\/wp-json\/wp\/v2\/categories?post=90460"},{"taxonomy":"post_tag","embeddable":true,"href":"https:\/\/eldiariodesanpedro.com.ar\/sitio\/wp-json\/wp\/v2\/tags?post=90460"}],"curies":[{"name":"wp","href":"https:\/\/api.w.org\/{rel}","templated":true}]}}