{"id":90458,"date":"2021-04-06T12:00:29","date_gmt":"2021-04-06T15:00:29","guid":{"rendered":"https:\/\/eldiariodesanpedro.com.ar\/sitio\/?p=90458"},"modified":"2021-04-06T12:00:34","modified_gmt":"2021-04-06T15:00:34","slug":"aprehendido-por-tenencia-de-marihuana-infimo-pesaje","status":"publish","type":"post","link":"https:\/\/eldiariodesanpedro.com.ar\/sitio\/aprehendido-por-tenencia-de-marihuana-infimo-pesaje\/","title":{"rendered":"Aprehendido por tenencia de marihuana \u00ednfimo pesaje"},"content":{"rendered":"<!-- VideographyWP Plugin Message: Automatic video embedding prevented by plugin options. -->\n\n<p>El personal en calle An\u00edbal de Ant\u00f3n y Dr. Rojas, traslada a masculino 20 a\u00f1os, secuestrando en su poder envoltorio de nylon color blanco con marihuana \u00ednfimo pesaje.&nbsp;<\/p>\n\n\n\n<p>El joven trasladado a la comisar\u00eda local fue informado de la causa para que quedara imputado y luego puesto en libertad.<\/p>\n","protected":false},"excerpt":{"rendered":"<p>El personal en calle An\u00edbal de Ant\u00f3n y Dr. Rojas, traslada a masculino 20 a\u00f1os, secuestrando en su poder envoltorio de nylon color blanco con marihuana \u00ednfimo pesaje.&nbsp; El joven trasladado a la comisar\u00eda local fue informado de la causa para que quedara imputado y luego puesto en libertad.<\/p>\n","protected":false},"author":4,"featured_media":66784,"comment_status":"open","ping_status":"closed","sticky":false,"template":"","format":"standard","meta":{"om_disable_all_campaigns":false,"_jetpack_memberships_contains_paid_content":false,"footnotes":""},"categories":[2,103],"tags":[],"class_list":["post-90458","post","type-post","status-publish","format-standard","has-post-thumbnail","hentry","category-locales","category-policiales-locales"],"aioseo_notices":[],"gutentor_comment":0,"jetpack_featured_media_url":"https:\/\/eldiariodesanpedro.com.ar\/sitio\/wp-content\/uploads\/2020\/01\/detenido-1.jpg","jetpack_shortlink":"https:\/\/wp.me\/p6RhLt-nx0","jetpack_sharing_enabled":true,"_links":{"self":[{"href":"https:\/\/eldiariodesanpedro.com.ar\/sitio\/wp-json\/wp\/v2\/posts\/90458","targetHints":{"allow":["GET"]}}],"collection":[{"href":"https:\/\/eldiariodesanpedro.com.ar\/sitio\/wp-json\/wp\/v2\/posts"}],"about":[{"href":"https:\/\/eldiariodesanpedro.com.ar\/sitio\/wp-json\/wp\/v2\/types\/post"}],"author":[{"embeddable":true,"href":"https:\/\/eldiariodesanpedro.com.ar\/sitio\/wp-json\/wp\/v2\/users\/4"}],"replies":[{"embeddable":true,"href":"https:\/\/eldiariodesanpedro.com.ar\/sitio\/wp-json\/wp\/v2\/comments?post=90458"}],"version-history":[{"count":1,"href":"https:\/\/eldiariodesanpedro.com.ar\/sitio\/wp-json\/wp\/v2\/posts\/90458\/revisions"}],"predecessor-version":[{"id":90459,"href":"https:\/\/eldiariodesanpedro.com.ar\/sitio\/wp-json\/wp\/v2\/posts\/90458\/revisions\/90459"}],"wp:featuredmedia":[{"embeddable":true,"href":"https:\/\/eldiariodesanpedro.com.ar\/sitio\/wp-json\/wp\/v2\/media\/66784"}],"wp:attachment":[{"href":"https:\/\/eldiariodesanpedro.com.ar\/sitio\/wp-json\/wp\/v2\/media?parent=90458"}],"wp:term":[{"taxonomy":"category","embeddable":true,"href":"https:\/\/eldiariodesanpedro.com.ar\/sitio\/wp-json\/wp\/v2\/categories?post=90458"},{"taxonomy":"post_tag","embeddable":true,"href":"https:\/\/eldiariodesanpedro.com.ar\/sitio\/wp-json\/wp\/v2\/tags?post=90458"}],"curies":[{"name":"wp","href":"https:\/\/api.w.org\/{rel}","templated":true}]}}