{"id":90455,"date":"2021-04-06T11:55:47","date_gmt":"2021-04-06T14:55:47","guid":{"rendered":"https:\/\/eldiariodesanpedro.com.ar\/sitio\/?p=90455"},"modified":"2021-04-06T11:55:51","modified_gmt":"2021-04-06T14:55:51","slug":"se-secuestro-un-revolver-calibre-22-y-mas-de-50-municiones-en-allanamiento","status":"publish","type":"post","link":"https:\/\/eldiariodesanpedro.com.ar\/sitio\/se-secuestro-un-revolver-calibre-22-y-mas-de-50-municiones-en-allanamiento\/","title":{"rendered":"Se secuestro un revolver calibre 22 y mas de 50 municiones en allanamiento"},"content":{"rendered":"<!-- VideographyWP Plugin Message: Automatic video embedding prevented by plugin options. -->\n\n<p>En la tarde de ayer el personal policial del GTO realiz\u00f3 allanamientos en una vivienda por una causa de amenazas agravadas con el uso de arma de fuego.<\/p>\n\n\n\n<p>La diligencia se realiz\u00f3 en la tarde de este lunes en una vivienda ubicada en calle San Lorenzo al 1700 donde a trav\u00e9s de una causa denuncia en la comisar\u00eda local por amenazas agravadas se allan\u00f3 la vivienda de una joven de 27 a\u00f1os de edad con resultados positivos.<\/p>\n\n\n\n<p>Se realiz\u00f3 el secuestro de un rev\u00f3lver calibre 22 corto con 6 municiones en interior tambor intactas, adem\u00e1s de cincuenta 50 municiones intactas en caja pl\u00e1stica del mismo calibre.<\/p>\n\n\n\n<p>La moradora fue notificada por el proceso como identificada dactilosc\u00f3picamente, con intervenci\u00f3n de la fiscal\u00eda local en turno.<\/p>\n\n\n\n<p>Las actuaciones iniciales que dieron lugar al allanamiento, se instruyeron en sede judicial. &nbsp;<\/p>\n","protected":false},"excerpt":{"rendered":"<p>En la tarde de ayer el personal policial del GTO realiz\u00f3 allanamientos en una vivienda por una causa de amenazas agravadas con el uso de arma de fuego. La diligencia se realiz\u00f3 en la tarde de este lunes en una vivienda ubicada en calle San Lorenzo al 1700 donde a trav\u00e9s de una causa denuncia [&hellip;]<\/p>\n","protected":false},"author":4,"featured_media":90456,"comment_status":"open","ping_status":"closed","sticky":false,"template":"","format":"standard","meta":{"om_disable_all_campaigns":false,"_jetpack_memberships_contains_paid_content":false,"footnotes":""},"categories":[50,2,103],"tags":[],"class_list":["post-90455","post","type-post","status-publish","format-standard","has-post-thumbnail","hentry","category-destacadas","category-locales","category-policiales-locales"],"aioseo_notices":[],"gutentor_comment":0,"jetpack_featured_media_url":"https:\/\/eldiariodesanpedro.com.ar\/sitio\/wp-content\/uploads\/2021\/04\/WhatsApp-Image-2021-04-06-at-11.31.22.jpeg","jetpack_shortlink":"https:\/\/wp.me\/p6RhLt-nwX","jetpack_sharing_enabled":true,"_links":{"self":[{"href":"https:\/\/eldiariodesanpedro.com.ar\/sitio\/wp-json\/wp\/v2\/posts\/90455","targetHints":{"allow":["GET"]}}],"collection":[{"href":"https:\/\/eldiariodesanpedro.com.ar\/sitio\/wp-json\/wp\/v2\/posts"}],"about":[{"href":"https:\/\/eldiariodesanpedro.com.ar\/sitio\/wp-json\/wp\/v2\/types\/post"}],"author":[{"embeddable":true,"href":"https:\/\/eldiariodesanpedro.com.ar\/sitio\/wp-json\/wp\/v2\/users\/4"}],"replies":[{"embeddable":true,"href":"https:\/\/eldiariodesanpedro.com.ar\/sitio\/wp-json\/wp\/v2\/comments?post=90455"}],"version-history":[{"count":1,"href":"https:\/\/eldiariodesanpedro.com.ar\/sitio\/wp-json\/wp\/v2\/posts\/90455\/revisions"}],"predecessor-version":[{"id":90457,"href":"https:\/\/eldiariodesanpedro.com.ar\/sitio\/wp-json\/wp\/v2\/posts\/90455\/revisions\/90457"}],"wp:featuredmedia":[{"embeddable":true,"href":"https:\/\/eldiariodesanpedro.com.ar\/sitio\/wp-json\/wp\/v2\/media\/90456"}],"wp:attachment":[{"href":"https:\/\/eldiariodesanpedro.com.ar\/sitio\/wp-json\/wp\/v2\/media?parent=90455"}],"wp:term":[{"taxonomy":"category","embeddable":true,"href":"https:\/\/eldiariodesanpedro.com.ar\/sitio\/wp-json\/wp\/v2\/categories?post=90455"},{"taxonomy":"post_tag","embeddable":true,"href":"https:\/\/eldiariodesanpedro.com.ar\/sitio\/wp-json\/wp\/v2\/tags?post=90455"}],"curies":[{"name":"wp","href":"https:\/\/api.w.org\/{rel}","templated":true}]}}