{"id":90452,"date":"2021-04-06T11:42:43","date_gmt":"2021-04-06T14:42:43","guid":{"rendered":"https:\/\/eldiariodesanpedro.com.ar\/sitio\/?p=90452"},"modified":"2021-04-06T11:42:50","modified_gmt":"2021-04-06T14:42:50","slug":"danos-en-palancas-de-la-estacion-de-trenes","status":"publish","type":"post","link":"https:\/\/eldiariodesanpedro.com.ar\/sitio\/danos-en-palancas-de-la-estacion-de-trenes\/","title":{"rendered":"Da\u00f1os en palancas de la estaci\u00f3n de trenes"},"content":{"rendered":"<!-- VideographyWP Plugin Message: Automatic video embedding prevented by plugin options. -->\n\n<p>Se recibi\u00f3 en la comisar\u00eda local la denuncia de un ciudadano empleado de la empresa que se encarga de los trabajos en la Estaci\u00f3n de Trenes de nuestra ciudad por haber recibido da\u00f1os el pasado viernes.<\/p>\n\n\n\n<p>Seg\u00fan informa el ciudadano de 56 a\u00f1os empleado de la empresa Nuevo Central Argentino S.A. el pasado viernes constat\u00f3 que autores ignorados da\u00f1an sistema de palanca de adecuaci\u00f3n se\u00f1alamiento con marco de tres palancas para el accionamiento del cambio de v\u00eda de los rieles del ferrocarril a unos 3000 metros norte de la estaci\u00f3n de esta ciudad.<\/p>\n\n\n\n<p>La polic\u00eda de nuestra ciudad realizar\u00e1 la investigaci\u00f3n correspondiente.<\/p>\n","protected":false},"excerpt":{"rendered":"<p>Se recibi\u00f3 en la comisar\u00eda local la denuncia de un ciudadano empleado de la empresa que se encarga de los trabajos en la Estaci\u00f3n de Trenes de nuestra ciudad por haber recibido da\u00f1os el pasado viernes. Seg\u00fan informa el ciudadano de 56 a\u00f1os empleado de la empresa Nuevo Central Argentino S.A. el pasado viernes constat\u00f3 [&hellip;]<\/p>\n","protected":false},"author":4,"featured_media":90453,"comment_status":"open","ping_status":"closed","sticky":false,"template":"","format":"standard","meta":{"om_disable_all_campaigns":false,"_jetpack_memberships_contains_paid_content":false,"footnotes":""},"categories":[2,103],"tags":[],"class_list":["post-90452","post","type-post","status-publish","format-standard","has-post-thumbnail","hentry","category-locales","category-policiales-locales"],"aioseo_notices":[],"gutentor_comment":0,"jetpack_featured_media_url":"https:\/\/eldiariodesanpedro.com.ar\/sitio\/wp-content\/uploads\/2021\/04\/86447c7d-88d8-42fd-accb-ad3bd5596d78.jpg","jetpack_shortlink":"https:\/\/wp.me\/p6RhLt-nwU","jetpack_sharing_enabled":true,"_links":{"self":[{"href":"https:\/\/eldiariodesanpedro.com.ar\/sitio\/wp-json\/wp\/v2\/posts\/90452","targetHints":{"allow":["GET"]}}],"collection":[{"href":"https:\/\/eldiariodesanpedro.com.ar\/sitio\/wp-json\/wp\/v2\/posts"}],"about":[{"href":"https:\/\/eldiariodesanpedro.com.ar\/sitio\/wp-json\/wp\/v2\/types\/post"}],"author":[{"embeddable":true,"href":"https:\/\/eldiariodesanpedro.com.ar\/sitio\/wp-json\/wp\/v2\/users\/4"}],"replies":[{"embeddable":true,"href":"https:\/\/eldiariodesanpedro.com.ar\/sitio\/wp-json\/wp\/v2\/comments?post=90452"}],"version-history":[{"count":1,"href":"https:\/\/eldiariodesanpedro.com.ar\/sitio\/wp-json\/wp\/v2\/posts\/90452\/revisions"}],"predecessor-version":[{"id":90454,"href":"https:\/\/eldiariodesanpedro.com.ar\/sitio\/wp-json\/wp\/v2\/posts\/90452\/revisions\/90454"}],"wp:featuredmedia":[{"embeddable":true,"href":"https:\/\/eldiariodesanpedro.com.ar\/sitio\/wp-json\/wp\/v2\/media\/90453"}],"wp:attachment":[{"href":"https:\/\/eldiariodesanpedro.com.ar\/sitio\/wp-json\/wp\/v2\/media?parent=90452"}],"wp:term":[{"taxonomy":"category","embeddable":true,"href":"https:\/\/eldiariodesanpedro.com.ar\/sitio\/wp-json\/wp\/v2\/categories?post=90452"},{"taxonomy":"post_tag","embeddable":true,"href":"https:\/\/eldiariodesanpedro.com.ar\/sitio\/wp-json\/wp\/v2\/tags?post=90452"}],"curies":[{"name":"wp","href":"https:\/\/api.w.org\/{rel}","templated":true}]}}