{"id":90445,"date":"2021-04-06T10:40:01","date_gmt":"2021-04-06T13:40:01","guid":{"rendered":"https:\/\/eldiariodesanpedro.com.ar\/sitio\/?p=90445"},"modified":"2021-04-06T10:40:05","modified_gmt":"2021-04-06T13:40:05","slug":"san-nicolas-efectivo-policial-le-disparo-con-arma-reglamentaria-a-su-mujer","status":"publish","type":"post","link":"https:\/\/eldiariodesanpedro.com.ar\/sitio\/san-nicolas-efectivo-policial-le-disparo-con-arma-reglamentaria-a-su-mujer\/","title":{"rendered":"SAN NICOL\u00c1S | Efectivo policial le dispar\u00f3 con arma reglamentaria a su mujer"},"content":{"rendered":"<!-- VideographyWP Plugin Message: Automatic video embedding prevented by plugin options. -->\n\n<p>Un numerario del Destacamento de Bomberos de San Nicol\u00e1s fue aprehendido tras efectuar un disparo con su arma reglamentaria contra su esposa. La mujer, de 50 a\u00f1os, sufri\u00f3 la fractura del f\u00e9mur y debi\u00f3 ser trasladada al Hospital.<\/p>\n\n\n\n<p>A ra\u00edz de un llamado al 911, personal policial se present\u00f3 en una vivienda de calle Santa Fe al 1400 de barrio California donde Ulises Gast\u00f3n Ver\u00f3n, un efectivo de seguridad, hab\u00eda disparado con su arma reglamentaria a su mujer. El hombre se encontraba en estado de ebriedad y agredi\u00f3 a los agentes que intervinieron.<\/p>\n\n\n\n<p>En tanto, la mujer presentaba una herida en su pierna derecha, con orificio de entrada y salida del proyectil. El impacto provoc\u00f3 lesiones de car\u00e1cter grave, con fractura del f\u00e9mur, por lo que fue trasladada al Hospital San Felipe.<\/p>\n\n\n\n<p>Adem\u00e1s, en el lugar fue secuestrada el arma de fuego, una Bersa Thunder Pro 9 mm, con doce municiones intactas y una vaina servida. Mientras que el agresor fue aprehendido y derivado a la Comisar\u00eda Segunda.<\/p>\n\n\n\n<p>El sujeto fue desafectado de la fuerza mientras dure el proceso de investigaci\u00f3n. Luego se determinar\u00e1 si queda exonerado o cesanteado.<\/p>\n\n\n\n<p>Se labraron actuaciones por Abuso de arma, Lesiones graves agravadas y Resistencia a la autoridad agravada.<\/p>\n","protected":false},"excerpt":{"rendered":"<p>Un numerario del Destacamento de Bomberos de San Nicol\u00e1s fue aprehendido tras efectuar un disparo con su arma reglamentaria contra su esposa. La mujer, de 50 a\u00f1os, sufri\u00f3 la fractura del f\u00e9mur y debi\u00f3 ser trasladada al Hospital. A ra\u00edz de un llamado al 911, personal policial se present\u00f3 en una vivienda de calle Santa [&hellip;]<\/p>\n","protected":false},"author":4,"featured_media":90446,"comment_status":"open","ping_status":"closed","sticky":false,"template":"","format":"standard","meta":{"om_disable_all_campaigns":false,"_jetpack_memberships_contains_paid_content":false,"footnotes":""},"categories":[621],"tags":[],"class_list":["post-90445","post","type-post","status-publish","format-standard","has-post-thumbnail","hentry","category-regionales"],"aioseo_notices":[],"gutentor_comment":0,"jetpack_featured_media_url":"https:\/\/eldiariodesanpedro.com.ar\/sitio\/wp-content\/uploads\/2021\/04\/no_v99siyugc526d5v0001_19374580050_20210406_100415_0000.png","jetpack_shortlink":"https:\/\/wp.me\/p6RhLt-nwN","jetpack_sharing_enabled":true,"_links":{"self":[{"href":"https:\/\/eldiariodesanpedro.com.ar\/sitio\/wp-json\/wp\/v2\/posts\/90445","targetHints":{"allow":["GET"]}}],"collection":[{"href":"https:\/\/eldiariodesanpedro.com.ar\/sitio\/wp-json\/wp\/v2\/posts"}],"about":[{"href":"https:\/\/eldiariodesanpedro.com.ar\/sitio\/wp-json\/wp\/v2\/types\/post"}],"author":[{"embeddable":true,"href":"https:\/\/eldiariodesanpedro.com.ar\/sitio\/wp-json\/wp\/v2\/users\/4"}],"replies":[{"embeddable":true,"href":"https:\/\/eldiariodesanpedro.com.ar\/sitio\/wp-json\/wp\/v2\/comments?post=90445"}],"version-history":[{"count":1,"href":"https:\/\/eldiariodesanpedro.com.ar\/sitio\/wp-json\/wp\/v2\/posts\/90445\/revisions"}],"predecessor-version":[{"id":90447,"href":"https:\/\/eldiariodesanpedro.com.ar\/sitio\/wp-json\/wp\/v2\/posts\/90445\/revisions\/90447"}],"wp:featuredmedia":[{"embeddable":true,"href":"https:\/\/eldiariodesanpedro.com.ar\/sitio\/wp-json\/wp\/v2\/media\/90446"}],"wp:attachment":[{"href":"https:\/\/eldiariodesanpedro.com.ar\/sitio\/wp-json\/wp\/v2\/media?parent=90445"}],"wp:term":[{"taxonomy":"category","embeddable":true,"href":"https:\/\/eldiariodesanpedro.com.ar\/sitio\/wp-json\/wp\/v2\/categories?post=90445"},{"taxonomy":"post_tag","embeddable":true,"href":"https:\/\/eldiariodesanpedro.com.ar\/sitio\/wp-json\/wp\/v2\/tags?post=90445"}],"curies":[{"name":"wp","href":"https:\/\/api.w.org\/{rel}","templated":true}]}}