{"id":90442,"date":"2021-04-06T10:37:29","date_gmt":"2021-04-06T13:37:29","guid":{"rendered":"https:\/\/eldiariodesanpedro.com.ar\/sitio\/?p=90442"},"modified":"2021-04-06T10:48:14","modified_gmt":"2021-04-06T13:48:14","slug":"san-nicolas-allanamiento-a-los-caffiero-detencion-y-secuestro-de-arma-en-villa-canto","status":"publish","type":"post","link":"https:\/\/eldiariodesanpedro.com.ar\/sitio\/san-nicolas-allanamiento-a-los-caffiero-detencion-y-secuestro-de-arma-en-villa-canto\/","title":{"rendered":"SAN NICOL\u00c1S | Allanamiento a los Caffiero, detenci\u00f3n y secuestro de arma en Villa Canto"},"content":{"rendered":"<!-- VideographyWP Plugin Message: Automatic video embedding prevented by plugin options. -->\n\n<p>Personal del Destacamento de La Emilia llevaron a cabo un allanamiento en calle An\u00edbal Troilo al 1.500 de Villa Canto, precedi\u00e9ndose a la detenci\u00f3n de Pedro Bautista Caffiero, de 50 a\u00f1os, a quien se le incauta un arma de fabricaci\u00f3n casera (tumbera) y 3 cartuchos calibre 12. Se trata de una familia con frondosos antecedentes penales.<\/p>\n\n\n\n<p>Tambi\u00e9n se realiza la aprehensi\u00f3n de Diamela Caffiero, de 22 a\u00f1os de edad, quien opuso una tenaz resistencia al accionar policial, sin causar lesiones en los efectivos.<\/p>\n\n\n\n<p>En el mismo procedimiento se procede al secuestro de una motocicleta Marca Keller 110, la cual ten\u00eda el n\u00famero de motor adulterado.<\/p>\n\n\n\n<p>La Dra. Padulo, de la UFI N\u00ba2, dispuso para Pedro Caffiero la aprehensi\u00f3n y notificaci\u00f3n por Tenencia Ilegal de Arma de Guerra, alojamiento y posterior traslado a sede judicial.<\/p>\n\n\n\n<p>Por su parte el Dr. Julio Tan\u00fas, de la UFI N\u00ba3, determin\u00f3 para Diamela Caffiero, la aprehensi\u00f3n y notificaci\u00f3n por Atentado y Resistencia a la Autoridad.<\/p>\n\n\n\n<p>Este operativo es consecuencia de una balacera ocurrida en Villa Canto dos d\u00edas atr\u00e1s donde resultaron heridas dos personas.<\/p>\n\n\n\n<p>Todas las tareas investigativas previas al operativo y el propio allanamiento estuvieron a cargo del titular del destacamento de La Emilia, Subcomisario Claudio Far\u00edas, con apoyo del GAD y comisar\u00edas<\/p>\n\n\n\n<p>Fuente: <a href=\"http:\/\/www.diarioelinformante.com.ar\/nota-61204_allanamiento-a-los-caffiero-detencin-y-secuestro-de-arma-en-villa-canto#\">Diario El Informante<\/a><\/p>\n","protected":false},"excerpt":{"rendered":"<p>Personal del Destacamento de La Emilia llevaron a cabo un allanamiento en calle An\u00edbal Troilo al 1.500 de Villa Canto, precedi\u00e9ndose a la detenci\u00f3n de Pedro Bautista Caffiero, de 50 a\u00f1os, a quien se le incauta un arma de fabricaci\u00f3n casera (tumbera) y 3 cartuchos calibre 12. Se trata de una familia con frondosos antecedentes [&hellip;]<\/p>\n","protected":false},"author":4,"featured_media":90443,"comment_status":"open","ping_status":"closed","sticky":false,"template":"","format":"standard","meta":{"om_disable_all_campaigns":false,"_jetpack_memberships_contains_paid_content":false,"footnotes":""},"categories":[621],"tags":[],"class_list":["post-90442","post","type-post","status-publish","format-standard","has-post-thumbnail","hentry","category-regionales"],"aioseo_notices":[],"gutentor_comment":0,"jetpack_featured_media_url":"https:\/\/eldiariodesanpedro.com.ar\/sitio\/wp-content\/uploads\/2021\/04\/no_eofn926gjmdbrzeWhatsApp_Image_2021_04_05_at_21.10.42.jpg","jetpack_shortlink":"https:\/\/wp.me\/p6RhLt-nwK","jetpack_sharing_enabled":true,"_links":{"self":[{"href":"https:\/\/eldiariodesanpedro.com.ar\/sitio\/wp-json\/wp\/v2\/posts\/90442","targetHints":{"allow":["GET"]}}],"collection":[{"href":"https:\/\/eldiariodesanpedro.com.ar\/sitio\/wp-json\/wp\/v2\/posts"}],"about":[{"href":"https:\/\/eldiariodesanpedro.com.ar\/sitio\/wp-json\/wp\/v2\/types\/post"}],"author":[{"embeddable":true,"href":"https:\/\/eldiariodesanpedro.com.ar\/sitio\/wp-json\/wp\/v2\/users\/4"}],"replies":[{"embeddable":true,"href":"https:\/\/eldiariodesanpedro.com.ar\/sitio\/wp-json\/wp\/v2\/comments?post=90442"}],"version-history":[{"count":1,"href":"https:\/\/eldiariodesanpedro.com.ar\/sitio\/wp-json\/wp\/v2\/posts\/90442\/revisions"}],"predecessor-version":[{"id":90444,"href":"https:\/\/eldiariodesanpedro.com.ar\/sitio\/wp-json\/wp\/v2\/posts\/90442\/revisions\/90444"}],"wp:featuredmedia":[{"embeddable":true,"href":"https:\/\/eldiariodesanpedro.com.ar\/sitio\/wp-json\/wp\/v2\/media\/90443"}],"wp:attachment":[{"href":"https:\/\/eldiariodesanpedro.com.ar\/sitio\/wp-json\/wp\/v2\/media?parent=90442"}],"wp:term":[{"taxonomy":"category","embeddable":true,"href":"https:\/\/eldiariodesanpedro.com.ar\/sitio\/wp-json\/wp\/v2\/categories?post=90442"},{"taxonomy":"post_tag","embeddable":true,"href":"https:\/\/eldiariodesanpedro.com.ar\/sitio\/wp-json\/wp\/v2\/tags?post=90442"}],"curies":[{"name":"wp","href":"https:\/\/api.w.org\/{rel}","templated":true}]}}