{"id":90438,"date":"2021-04-06T10:26:37","date_gmt":"2021-04-06T13:26:37","guid":{"rendered":"https:\/\/eldiariodesanpedro.com.ar\/sitio\/?p=90438"},"modified":"2021-04-06T10:26:43","modified_gmt":"2021-04-06T13:26:43","slug":"se-incendio-un-automovil-estacionado-dentro-de-una-vivienda","status":"publish","type":"post","link":"https:\/\/eldiariodesanpedro.com.ar\/sitio\/se-incendio-un-automovil-estacionado-dentro-de-una-vivienda\/","title":{"rendered":"Se incendio un autom\u00f3vil estacionado dentro de una vivienda"},"content":{"rendered":"<!-- VideographyWP Plugin Message: Automatic video embedding prevented by plugin options. -->\n\n<p>Esta madrugada los Bomberos Voluntarios de nuestra ciudad se tuvieron que hacer presentes en un predio donde un autom\u00f3vil se prendi\u00f3 fuego.<\/p>\n\n\n\n<p>El siniestro tuvo lugar esta madrugada pasadas las 3:30 hs en un campo ubicado en calle Carlos Gardel 185   donde se hizo presente una dotacion de los Bomberos de nuestra ciudad.<\/p>\n\n\n\n<p>Al arribo del m\u00f3vil el veh\u00edculo ya se encontraba consumido casi en toda su totalidad por lo que los voluntarios realizaron los trabajaos con dos l\u00edneas, una para apagar el rodado y el otro para evitar que el fuego se propague a las viviendas linderas.<\/p>\n\n\n\n<p>EL rodado no tenia motor por lo que se descarta completamente que all\u00e1 sucedido accidentalmente, sino intencionalmente.<\/p>\n","protected":false},"excerpt":{"rendered":"<p>Esta madrugada los Bomberos Voluntarios de nuestra ciudad se tuvieron que hacer presentes en un predio donde un autom\u00f3vil se prendi\u00f3 fuego. El siniestro tuvo lugar esta madrugada pasadas las 3:30 hs en un campo ubicado en calle Carlos Gardel 185 donde se hizo presente una dotacion de los Bomberos de nuestra ciudad. Al arribo [&hellip;]<\/p>\n","protected":false},"author":4,"featured_media":46422,"comment_status":"open","ping_status":"closed","sticky":false,"template":"","format":"standard","meta":{"om_disable_all_campaigns":false,"_jetpack_memberships_contains_paid_content":false,"footnotes":""},"categories":[50,2,103],"tags":[],"class_list":["post-90438","post","type-post","status-publish","format-standard","has-post-thumbnail","hentry","category-destacadas","category-locales","category-policiales-locales"],"aioseo_notices":[],"gutentor_comment":0,"jetpack_featured_media_url":"https:\/\/eldiariodesanpedro.com.ar\/sitio\/wp-content\/uploads\/2019\/01\/WhatsApp-Image-2019-01-23-at-17.27.25.jpeg","jetpack_shortlink":"https:\/\/wp.me\/p6RhLt-nwG","jetpack_sharing_enabled":true,"_links":{"self":[{"href":"https:\/\/eldiariodesanpedro.com.ar\/sitio\/wp-json\/wp\/v2\/posts\/90438","targetHints":{"allow":["GET"]}}],"collection":[{"href":"https:\/\/eldiariodesanpedro.com.ar\/sitio\/wp-json\/wp\/v2\/posts"}],"about":[{"href":"https:\/\/eldiariodesanpedro.com.ar\/sitio\/wp-json\/wp\/v2\/types\/post"}],"author":[{"embeddable":true,"href":"https:\/\/eldiariodesanpedro.com.ar\/sitio\/wp-json\/wp\/v2\/users\/4"}],"replies":[{"embeddable":true,"href":"https:\/\/eldiariodesanpedro.com.ar\/sitio\/wp-json\/wp\/v2\/comments?post=90438"}],"version-history":[{"count":1,"href":"https:\/\/eldiariodesanpedro.com.ar\/sitio\/wp-json\/wp\/v2\/posts\/90438\/revisions"}],"predecessor-version":[{"id":90439,"href":"https:\/\/eldiariodesanpedro.com.ar\/sitio\/wp-json\/wp\/v2\/posts\/90438\/revisions\/90439"}],"wp:featuredmedia":[{"embeddable":true,"href":"https:\/\/eldiariodesanpedro.com.ar\/sitio\/wp-json\/wp\/v2\/media\/46422"}],"wp:attachment":[{"href":"https:\/\/eldiariodesanpedro.com.ar\/sitio\/wp-json\/wp\/v2\/media?parent=90438"}],"wp:term":[{"taxonomy":"category","embeddable":true,"href":"https:\/\/eldiariodesanpedro.com.ar\/sitio\/wp-json\/wp\/v2\/categories?post=90438"},{"taxonomy":"post_tag","embeddable":true,"href":"https:\/\/eldiariodesanpedro.com.ar\/sitio\/wp-json\/wp\/v2\/tags?post=90438"}],"curies":[{"name":"wp","href":"https:\/\/api.w.org\/{rel}","templated":true}]}}