{"id":90435,"date":"2021-04-06T09:58:30","date_gmt":"2021-04-06T12:58:30","guid":{"rendered":"https:\/\/eldiariodesanpedro.com.ar\/sitio\/?p=90435"},"modified":"2021-04-06T09:58:35","modified_gmt":"2021-04-06T12:58:35","slug":"baradero-se-escapo-del-hospital-la-persona-acusada-de-molestar-a-vecinos","status":"publish","type":"post","link":"https:\/\/eldiariodesanpedro.com.ar\/sitio\/baradero-se-escapo-del-hospital-la-persona-acusada-de-molestar-a-vecinos\/","title":{"rendered":"BARADERO | Se escap\u00f3 del Hospital la persona acusada de molestar a vecinos"},"content":{"rendered":"<!-- VideographyWP Plugin Message: Automatic video embedding prevented by plugin options. -->\n\n<p>El Director M\u00e9dico del Hospital Municipal Dr. Lino Pi\u00f1eiro, Silvio Ejarque, declar\u00f3 que la persona se encontraba alojada en el nosocomio por presentar problemas mentales hasta que ayer se escap\u00f3.<\/p>\n\n\n\n<p>\u201cLos chicos de la entrada solamente cumplen tarea de vigilancia, no pueden retener a nadie. Adem\u00e1s, el riesgo que corren las enfermeras al reprimir a una persona que se quiere ir es grande\u201d, agreg\u00f3.<\/p>\n\n\n\n<p>Por otro lado, Ejarque dijo que el sujeto en cuesti\u00f3n tiene acusaciones de acoso sexual.<\/p>\n\n\n\n<p>\u201cEn reiteradas oportunidades intent\u00f3 ingresar a otras habitaciones del Hospital con mujeres, no sabemos con qu\u00e9 prop\u00f3sito\u201d.<\/p>\n\n\n\n<p>Fuente: <a href=\"https:\/\/tulineadirecta.com\/se-escapo-del-hospital-la-persona-acusada-de-molestar-a-vecinos-de-calles-laprida-boedo-colombres-y-gascon\/\">Tu Linea Directa<\/a><\/p>\n\n\n\n<h1 class=\"wp-block-heading\"><a href=\"https:\/\/tulineadirecta.com\/author\/danilo\/\"><\/a><\/h1>\n","protected":false},"excerpt":{"rendered":"<p>El Director M\u00e9dico del Hospital Municipal Dr. Lino Pi\u00f1eiro, Silvio Ejarque, declar\u00f3 que la persona se encontraba alojada en el nosocomio por presentar problemas mentales hasta que ayer se escap\u00f3. \u201cLos chicos de la entrada solamente cumplen tarea de vigilancia, no pueden retener a nadie. Adem\u00e1s, el riesgo que corren las enfermeras al reprimir a [&hellip;]<\/p>\n","protected":false},"author":4,"featured_media":90436,"comment_status":"open","ping_status":"closed","sticky":false,"template":"","format":"standard","meta":{"om_disable_all_campaigns":false,"_jetpack_memberships_contains_paid_content":false,"footnotes":""},"categories":[621],"tags":[],"class_list":["post-90435","post","type-post","status-publish","format-standard","has-post-thumbnail","hentry","category-regionales"],"aioseo_notices":[],"gutentor_comment":0,"jetpack_featured_media_url":"https:\/\/eldiariodesanpedro.com.ar\/sitio\/wp-content\/uploads\/2021\/04\/hospital-1.jpg","jetpack_shortlink":"https:\/\/wp.me\/p6RhLt-nwD","jetpack_sharing_enabled":true,"_links":{"self":[{"href":"https:\/\/eldiariodesanpedro.com.ar\/sitio\/wp-json\/wp\/v2\/posts\/90435","targetHints":{"allow":["GET"]}}],"collection":[{"href":"https:\/\/eldiariodesanpedro.com.ar\/sitio\/wp-json\/wp\/v2\/posts"}],"about":[{"href":"https:\/\/eldiariodesanpedro.com.ar\/sitio\/wp-json\/wp\/v2\/types\/post"}],"author":[{"embeddable":true,"href":"https:\/\/eldiariodesanpedro.com.ar\/sitio\/wp-json\/wp\/v2\/users\/4"}],"replies":[{"embeddable":true,"href":"https:\/\/eldiariodesanpedro.com.ar\/sitio\/wp-json\/wp\/v2\/comments?post=90435"}],"version-history":[{"count":1,"href":"https:\/\/eldiariodesanpedro.com.ar\/sitio\/wp-json\/wp\/v2\/posts\/90435\/revisions"}],"predecessor-version":[{"id":90437,"href":"https:\/\/eldiariodesanpedro.com.ar\/sitio\/wp-json\/wp\/v2\/posts\/90435\/revisions\/90437"}],"wp:featuredmedia":[{"embeddable":true,"href":"https:\/\/eldiariodesanpedro.com.ar\/sitio\/wp-json\/wp\/v2\/media\/90436"}],"wp:attachment":[{"href":"https:\/\/eldiariodesanpedro.com.ar\/sitio\/wp-json\/wp\/v2\/media?parent=90435"}],"wp:term":[{"taxonomy":"category","embeddable":true,"href":"https:\/\/eldiariodesanpedro.com.ar\/sitio\/wp-json\/wp\/v2\/categories?post=90435"},{"taxonomy":"post_tag","embeddable":true,"href":"https:\/\/eldiariodesanpedro.com.ar\/sitio\/wp-json\/wp\/v2\/tags?post=90435"}],"curies":[{"name":"wp","href":"https:\/\/api.w.org\/{rel}","templated":true}]}}